{"id":148036,"date":"2025-06-03T04:24:11","date_gmt":"2025-06-03T04:24:11","guid":{"rendered":"https:\/\/www.europesays.com\/fr\/148036\/"},"modified":"2025-06-03T04:24:11","modified_gmt":"2025-06-03T04:24:11","slug":"a-rennes-le-retour-des-cultes-en-anglais","status":"publish","type":"post","link":"https:\/\/www.europesays.com\/fr\/148036\/","title":{"rendered":"\u00c0 Rennes, le retour des cultes en anglais"},"content":{"rendered":"<p>\t\t\t\t\t .elementor-motion-effects-container > .elementor-motion-effects-layer{background-color:var( &#8211;e-global-color-astglobalcolor4 );}.elementor-142484 .elementor-element.elementor-element-2c307ba{transition:background 0.3s, border 0.3s, border-radius 0.3s, box-shadow 0.3s;margin-top:40px;margin-bottom:0px;}.elementor-142484 .elementor-element.elementor-element-2c307ba > .elementor-background-overlay{transition:background 0.3s, border-radius 0.3s, opacity 0.3s;}.elementor-142484 .elementor-element.elementor-element-efc10a5{text-align:center;}.elementor-142484 .elementor-element.elementor-element-efc10a5 .elementor-heading-title{font-weight:700;}.elementor-142484 .elementor-element.elementor-element-435bf8b{text-align:center;}.elementor-142484 .elementor-element.elementor-element-2ee1f5f{text-align:center;}.elementor-142484 .elementor-element.elementor-element-77ff3cd > .elementor-widget-container{margin:1em 0em 0em 0em;}.elementor-142484 .elementor-element.elementor-element-77ff3cd{text-align:center;}.elementor-142484 .elementor-element.elementor-element-d2db27f > .elementor-widget-container{margin:20px 20px 20px 20px;}@media(max-width:767px){.elementor-142484 .elementor-element.elementor-element-d2db27f > .elementor-widget-container{margin:0px 0px 0px 0px;}}]]>Entre les \u00e9tudiants et les expatri\u00e9s, les anglophones install\u00e9s \u00e0 Rennes sont nombreux. Suffisamment pour que le conseil presbyt\u00e9ral de l\u2019\u00c9glise protestante unie de Rennes d\u00e9cide de les accueillir du mieux possible dans sa communaut\u00e9. En 2018-2019, un cycle de cultes en anglais avait \u00e9t\u00e9 lanc\u00e9. \u201cIls \u00e9taient assur\u00e9s par des paroissiens, dont un Am\u00e9ricain qui a d\u00e9m\u00e9nag\u00e9 pour des raisons professionnelles\u201d, raconte Herv\u00e9 St\u00fccker, le pasteur. Cette ann\u00e9e, l\u2019arriv\u00e9e de la pasteure missionnaire Claire Oberkampf a abouti \u00e0 l\u2019id\u00e9e de la relance de ces cultes. \u201cNous avons rencontr\u00e9 le pr\u00eatre anglican, David McLeod, pour imaginer avec lui dans quelle mesure nous pourrions envisager \u00e0 nouveau des cultes en anglais dans nos locaux\u201d, reprend Herv\u00e9 St\u00fccker. Auparavant, David McLeod officiait \u00e0 Oxford. Il a \u00e9t\u00e9 envoy\u00e9 en Bretagne par la Church of England in Europe. \u201cL\u2019\u00c9glise d\u2019Angleterre en Europe a rejoint la F\u00e9d\u00e9ration protestante de France en janvier dernier\u201d, rappelle&#8230; \t\t<\/p>\n<p>Poursuivez votre lecture en vous abonnant \u00e0 R\u00e9forme ou profitez de l&rsquo;offre D\u00e9couverte.<\/p>\n<p>pour profiter de l\u2019offre <strong>D\u00e9couverte<\/strong> et choisir <strong>10 articles sans abonnement<\/strong>.<\/p>\n<p>\n\t\t\t\t\tAbonnez-vous<br \/>pour acc\u00e9der \u00e0 tout le contenu R\u00e9forme\t\t\t\t<\/p>\n<p>\n\t\t\t\t\tVous avez d\u00e9j\u00e0 un compte\t\t\t\t<\/p>\n<p><strong>L\u2019information de qualit\u00e9 a de la valeur, soutenez l\u2019ind\u00e9pendance et la libert\u00e9 de R\u00e9forme, abonnez-vous. Merci !<\/strong><\/p>\n","protected":false},"excerpt":{"rendered":".elementor-motion-effects-container > .elementor-motion-effects-layer{background-color:var( &#8211;e-global-color-astglobalcolor4 );}.elementor-142484 .elementor-element.elementor-element-2c307ba{transition:background 0.3s, border 0.3s, border-radius 0.3s, box-shadow 0.3s;margin-top:40px;margin-bottom:0px;}.elementor-142484 .elementor-element.elementor-element-2c307ba > .elementor-background-overlay{transition:background 0.3s, border-radius&hellip;\n","protected":false},"author":2,"featured_media":148037,"comment_status":"","ping_status":"","sticky":false,"template":"","format":"standard","meta":{"footnotes":""},"categories":[2821],"tags":[1111,11,829,13599,27725,27726,1777,674,1011,27,12,584,25],"class_list":{"0":"post-148036","1":"post","2":"type-post","3":"status-publish","4":"format-standard","5":"has-post-thumbnail","7":"category-rennes","8":"tag-actu","9":"tag-actualites","10":"tag-bretagne","11":"tag-cultes","12":"tag-eglise-anglicane","13":"tag-eglise-protestante-unie-de-france","14":"tag-eu","15":"tag-europe","16":"tag-fr","17":"tag-france","18":"tag-news","19":"tag-rennes","20":"tag-republique-francaise"},"share_on_mastodon":{"url":"https:\/\/pubeurope.com\/@fr\/114617533297493634","error":""},"_links":{"self":[{"href":"https:\/\/www.europesays.com\/fr\/wp-json\/wp\/v2\/posts\/148036","targetHints":{"allow":["GET"]}}],"collection":[{"href":"https:\/\/www.europesays.com\/fr\/wp-json\/wp\/v2\/posts"}],"about":[{"href":"https:\/\/www.europesays.com\/fr\/wp-json\/wp\/v2\/types\/post"}],"author":[{"embeddable":true,"href":"https:\/\/www.europesays.com\/fr\/wp-json\/wp\/v2\/users\/2"}],"replies":[{"embeddable":true,"href":"https:\/\/www.europesays.com\/fr\/wp-json\/wp\/v2\/comments?post=148036"}],"version-history":[{"count":0,"href":"https:\/\/www.europesays.com\/fr\/wp-json\/wp\/v2\/posts\/148036\/revisions"}],"wp:featuredmedia":[{"embeddable":true,"href":"https:\/\/www.europesays.com\/fr\/wp-json\/wp\/v2\/media\/148037"}],"wp:attachment":[{"href":"https:\/\/www.europesays.com\/fr\/wp-json\/wp\/v2\/media?parent=148036"}],"wp:term":[{"taxonomy":"category","embeddable":true,"href":"https:\/\/www.europesays.com\/fr\/wp-json\/wp\/v2\/categories?post=148036"},{"taxonomy":"post_tag","embeddable":true,"href":"https:\/\/www.europesays.com\/fr\/wp-json\/wp\/v2\/tags?post=148036"}],"curies":[{"name":"wp","href":"https:\/\/api.w.org\/{rel}","templated":true}]}}