{"id":148038,"date":"2025-06-03T04:25:12","date_gmt":"2025-06-03T04:25:12","guid":{"rendered":"https:\/\/www.europesays.com\/fr\/148038\/"},"modified":"2025-06-03T04:25:12","modified_gmt":"2025-06-03T04:25:12","slug":"elle-enfonce-ses-pouces-dans-les-yeux-de-son-assaillant","status":"publish","type":"post","link":"https:\/\/www.europesays.com\/fr\/148038\/","title":{"rendered":"elle enfonce ses pouces dans les yeux de son assaillant"},"content":{"rendered":"<p>La Strasbourgeoise avait f\u00eat\u00e9 ses 20 ans avec des amis en bo\u00eete de nuit. Samedi 31\u00a0mai vers 3\u00a0h\u00a055 du matin, elle rentrait chez elle. Place du Petit-Broglie, elle a remarqu\u00e9 la pr\u00e9sence d\u2019un individu, une bouteille de vodka \u00e0 la main. Sur ses gardes, elle a retir\u00e9 ses \u00e9couteurs. \u00ab\u00a0Salut\u00a0\u00bb, a commenc\u00e9 l\u2019inconnu. Il l\u2019a compliment\u00e9e, lui a propos\u00e9 de la raccompagner. Elle a d\u00e9clin\u00e9 l\u2019offre.<\/p>\n<p>\u00ab\u00a0Un \u00e9lan de survie\u00a0\u00bb<\/p>\n<p>L\u2019homme l\u2019a tir\u00e9e par le bras. Il lui a palp\u00e9 la poitrine par-dessus ses v\u00eatements. \u00ab\u00a0J\u2019ai recul\u00e9, il m\u2019a touch\u00e9&#8230;<\/p>\n","protected":false},"excerpt":{"rendered":"La Strasbourgeoise avait f\u00eat\u00e9 ses 20 ans avec des amis en bo\u00eete de nuit. Samedi 31\u00a0mai vers 3\u00a0h\u00a055&hellip;\n","protected":false},"author":2,"featured_media":147424,"comment_status":"","ping_status":"","sticky":false,"template":"","format":"standard","meta":{"footnotes":""},"categories":[2820],"tags":[1111,11,2389,2649,2880,1777,674,274,107,1011,27,775,3035,12,25,640,2879],"class_list":{"0":"post-148038","1":"post","2":"type-post","3":"status-publish","4":"format-standard","5":"has-post-thumbnail","7":"category-strasbourg","8":"tag-actu","9":"tag-actualites","10":"tag-alsace","11":"tag-bas-rhin","12":"tag-edition-strasbourg","13":"tag-eu","14":"tag-europe","15":"tag-faits-divers-justice","16":"tag-fil-info","17":"tag-fr","18":"tag-france","19":"tag-grand-est","20":"tag-la-matinale-strasbourg","21":"tag-news","22":"tag-republique-francaise","23":"tag-strasbourg","24":"tag-strasbourg-ville"},"share_on_mastodon":{"url":"https:\/\/pubeurope.com\/@fr\/114617537215067515","error":""},"_links":{"self":[{"href":"https:\/\/www.europesays.com\/fr\/wp-json\/wp\/v2\/posts\/148038","targetHints":{"allow":["GET"]}}],"collection":[{"href":"https:\/\/www.europesays.com\/fr\/wp-json\/wp\/v2\/posts"}],"about":[{"href":"https:\/\/www.europesays.com\/fr\/wp-json\/wp\/v2\/types\/post"}],"author":[{"embeddable":true,"href":"https:\/\/www.europesays.com\/fr\/wp-json\/wp\/v2\/users\/2"}],"replies":[{"embeddable":true,"href":"https:\/\/www.europesays.com\/fr\/wp-json\/wp\/v2\/comments?post=148038"}],"version-history":[{"count":0,"href":"https:\/\/www.europesays.com\/fr\/wp-json\/wp\/v2\/posts\/148038\/revisions"}],"wp:featuredmedia":[{"embeddable":true,"href":"https:\/\/www.europesays.com\/fr\/wp-json\/wp\/v2\/media\/147424"}],"wp:attachment":[{"href":"https:\/\/www.europesays.com\/fr\/wp-json\/wp\/v2\/media?parent=148038"}],"wp:term":[{"taxonomy":"category","embeddable":true,"href":"https:\/\/www.europesays.com\/fr\/wp-json\/wp\/v2\/categories?post=148038"},{"taxonomy":"post_tag","embeddable":true,"href":"https:\/\/www.europesays.com\/fr\/wp-json\/wp\/v2\/tags?post=148038"}],"curies":[{"name":"wp","href":"https:\/\/api.w.org\/{rel}","templated":true}]}}