{"id":148049,"date":"2025-06-03T04:31:11","date_gmt":"2025-06-03T04:31:11","guid":{"rendered":"https:\/\/www.europesays.com\/fr\/148049\/"},"modified":"2025-06-03T04:31:11","modified_gmt":"2025-06-03T04:31:11","slug":"des-taux-tres-eleves-de-cadmium-sur-les-berges-du-lac-de-bordeaux","status":"publish","type":"post","link":"https:\/\/www.europesays.com\/fr\/148049\/","title":{"rendered":"\u00ab\u00a0Des taux tr\u00e8s \u00e9lev\u00e9s de cadmium\u00a0\u00bb sur les berges du Lac de Bordeaux"},"content":{"rendered":"<p class=\"wp-block-post-excerpt__excerpt\">Une pollution d\u00e9couverte lors des am\u00e9nagements des berges du Lac \u00e0 Bordeaux inqui\u00e8te les habitants de Ginko. Lors d\u2019une r\u00e9union publique ce lundi 2 juin, les services de la mairie ont tent\u00e9 tant bien que mal de les rassurer. <\/p>\n<p><a href=\"https:\/\/rue89bordeaux.com\/category\/kiosque-abonne\/\" rel=\"tag noopener\" target=\"_blank\">\u00c9dition abonn\u00e9s<\/a>, <a href=\"https:\/\/rue89bordeaux.com\/category\/reportage\/\" rel=\"tag noopener\" target=\"_blank\">Reportage<\/a><\/p>\n<p>Walid Salem<\/p>\n<p>Publi\u00e9 le 3 juin 2025\u00a0\u00a0\u00b7\u00a0\u00a0<\/p>\n<p>Imprim\u00e9 le 3 juin 2025 \u00e0 06h31\u00a0\u00a0\u00b7\u00a0\u00a0<\/p>\n<p>\t\t\t\t\t3\u00a0minutes\n<\/p>\n<p>\u00ab\u00a0C\u2019est la premi\u00e8re fois qu\u2019il y a autant de monde, et je pense que les gens sont surtout venus pour la pollution\u00a0\u00bb, t\u00e9moigne un habitant de Ginko, \u00ab\u00a0toujours pr\u00e9sent\u00a0\u00bb aux conseils de quartier de Ginko. Ce lundi 2 juin \u00e0 18h, la salle polyvalente du Centre d\u2019animation Sarah-Bernhardt est quasi-bond\u00e9e. Une centaine de personnes s\u2019interrogent sur les les installations r\u00e9centes sur les berges est du Lac.<\/p>\n<blockquote class=\"wp-block-quote is-layout-flow wp-block-quote-is-layout-flow\">\n<p>\u00ab\u00a0On s\u2019est \u00e9tonn\u00e9s de voir les grilles pos\u00e9es au mois de mars, et on d\u00e9couvre les panneaux il y a quinze jours\u00a0\u00bb, s\u2019agace une riveraine \u00e0 la sortie, \u00ab\u00a0loin d\u2019\u00eatre convaincue\u00a0\u00bb par les explications.<\/p>\n<\/blockquote>\n<p>Quadrillant plusieurs petites parcelles le long de l\u2019avenue Marcel-Dassault, qui va de la plage du Lac \u00e0 la rocade, des \u00e9criteaux portent l\u2019avertissement suivant : \u00ab\u00a0En raison de la pollution des sols, ces zones sont interdites d\u2019acc\u00e8s au public et aux animaux de compagnie.\u00a0\u00bb<\/p>\n<p>\t\t\u00ab\u00a0Mauvaise surprise\u00a0\u00bb<\/p>\n<p>En pr\u00e9sence de Vincent Maurin, maire du quartier, Mathieu Ayherre, responsable des am\u00e9nagements des parcs et jardins \u00e0 Bordeaux M\u00e9tropole, \u00e9voque une pollution \u00ab\u00a0sur la partie droite uniquement, du c\u00f4t\u00e9 Ginko, sur 15 centim\u00e8tres de la surface du sol\u00a0\u00bb :<\/p>\n<blockquote class=\"wp-block-quote is-layout-flow wp-block-quote-is-layout-flow\">\n<p>\u00ab\u00a0Nous avons d\u00e9tect\u00e9 une concentration en m\u00e9taux lourds, surtout du cadmium [<a href=\"https:\/\/www.anses.fr\/fr\/content\/cadmium-reduire-exposition\" target=\"_blank\" rel=\"noreferrer noopener\">m\u00e9tal toxique<\/a> qui peut contaminer les sols, l\u2019eau ou encore l\u2019air, NDLR] avec des taux \u00e9lev\u00e9s, voire tr\u00e8s \u00e9lev\u00e9s.\u00a0\u00bb<\/p>\n<\/blockquote>\n<p>Selon ses explications, cette pollution a \u00e9t\u00e9 d\u00e9couverte lors des am\u00e9nagements et la mise en accessibilit\u00e9 du pourtour du lac avec des all\u00e9es permettant \u00e0 tous les publics d\u2019y acc\u00e9der, notamment ceux se d\u00e9pla\u00e7ant en fauteuil roulant. Lors de la proc\u00e9dure d\u2019analyse habituelle \u00ab\u00a0pour mettre le remblais \u00e0 la d\u00e9charge, la mauvaise surprise est apparue sur certains \u00e9chantillons\u00a0\u00bb.<\/p>\n<p>Lisez la suite pour 1\u20ac<\/p>\n<p>En profitant de notre offre d\u2019essai, r\u00e9siliable en ligne \u00e0 tout moment.<\/p>\n<p><strong>Pour acc\u00e9der \u00e0 cet article, il faut \u00eatre abonn\u00e9. Pourquoi\u00a0?<\/strong><\/p>\n<p>Les informations exclusives, les enqu\u00eates et certains reportages constituent l\u2019\u00e9dition abonn\u00e9s de Rue89 Bordeaux. En tant que m\u00e9dia ind\u00e9pendant, nos ressources proviennent de nos lectrices et lecteurs abonn\u00e9s, aucun milliardaire ni groupe bancaire ne nous finance.<\/p>\n<p>Nous demandons \u00e0 nos lecteurs une faible contribution pour disposer \u00e0 Bordeaux d\u2019un m\u00e9dia critique des pouvoirs, capable d\u2019enqu\u00eater et de traiter les enjeux locaux en profondeur et dans la dur\u00e9e.<\/p>\n<p>Chaque abonnement compte. Toutes nos recettes sont investies dans un journalisme local ind\u00e9pendant, dont la force et la r\u00e9activit\u00e9 d\u00e9pend directement du nombre d\u2019abonn\u00e9s actifs.<\/p>\n<p class=\"has-text-align-right\"><strong><a href=\"https:\/\/rue89bordeaux.com\/?p=128375\" data-type=\"page\" data-id=\"0\" target=\"_blank\" rel=\"noopener\">Je m\u2019abonne\u00a0 <\/a><\/strong><\/p>\n<p>\t\t\t<a href=\"https:\/\/rue89bordeaux.com\/\" class=\"custom-logo-link\" rel=\"home noopener\" target=\"_blank\"><img loading=\"lazy\" decoding=\"async\" width=\"290\" height=\"49\" src=\"https:\/\/www.europesays.com\/fr\/wp-content\/uploads\/2025\/04\/logo.png\" class=\"custom-logo\" alt=\"Rue89Bordeaux Enqu\u00eates et informations de proximit\u00e9\"  \/><\/a><\/p>\n<p>\n\t\t\t\tAbonnez-vous maintenant pour suivre l\u2019actualit\u00e9 locale.\t\t\t<\/p>\n<p class=\"font-bold font-serif-heading mb-2 text-4xl\">\n\t\t\t\t\t\tL\u2019investigation locale \u00e0 port\u00e9e de main.\n\t\t\t\t\t<\/p>\n<p>\n\t\t\t\t\t\tAbonnez-vous et profitez d\u2019un acc\u00e8s illimit\u00e9 \u00e0 Rue89Bordeaux. Annulez quand vous voulez.\n\t\t\t\t\t<\/p>\n<p class=\"xl:text-sm\">\n\t\t\t\t\tD\u00e9j\u00e0 abonn\u00e9\u00a0?<br \/>\n\t\t\t\t\t<a class=\"border border-transparent text-center transition-colors duration-instant focus:border-info focus:rounded focus:shadow-focus cursor-pointer text-black hover:text-gray-700 active:bg-black-700 font-semibold inline-block\" href=\"https:\/\/rue89bordeaux.com\/user\/login\/?redirect=\/2025\/06\/des-taux-tres-eleves-de-cadmium-sur-les-berges-du-lac-de-bordeaux\/\" target=\"_blank\" rel=\"noopener\">Connectez-vous<\/a>\t\t\t\t<\/p>\n<p>\n\t\t\t\tChoisissez votre formule\u00a0:\n\t\t\t<\/p>\n<p>\t\t\t\tFermer<\/p>\n","protected":false},"excerpt":{"rendered":"Une pollution d\u00e9couverte lors des am\u00e9nagements des berges du Lac \u00e0 Bordeaux inqui\u00e8te les habitants de Ginko. Lors&hellip;\n","protected":false},"author":2,"featured_media":148050,"comment_status":"","ping_status":"","sticky":false,"template":"","format":"standard","meta":{"footnotes":""},"categories":[2817],"tags":[1111,11,1997,27728,1777,674,1011,27,27729,12,2219,27730,1800,25],"class_list":{"0":"post-148049","1":"post","2":"type-post","3":"status-publish","4":"format-standard","5":"has-post-thumbnail","7":"category-bordeaux","8":"tag-actu","9":"tag-actualites","10":"tag-bordeaux","11":"tag-bordeaux-lac","12":"tag-eu","13":"tag-europe","14":"tag-fr","15":"tag-france","16":"tag-ginko","17":"tag-news","18":"tag-nouvelle-aquitaine","19":"tag-plage-du-lac","20":"tag-pollution","21":"tag-republique-francaise"},"share_on_mastodon":{"url":"https:\/\/pubeurope.com\/@fr\/114617560865879327","error":""},"_links":{"self":[{"href":"https:\/\/www.europesays.com\/fr\/wp-json\/wp\/v2\/posts\/148049","targetHints":{"allow":["GET"]}}],"collection":[{"href":"https:\/\/www.europesays.com\/fr\/wp-json\/wp\/v2\/posts"}],"about":[{"href":"https:\/\/www.europesays.com\/fr\/wp-json\/wp\/v2\/types\/post"}],"author":[{"embeddable":true,"href":"https:\/\/www.europesays.com\/fr\/wp-json\/wp\/v2\/users\/2"}],"replies":[{"embeddable":true,"href":"https:\/\/www.europesays.com\/fr\/wp-json\/wp\/v2\/comments?post=148049"}],"version-history":[{"count":0,"href":"https:\/\/www.europesays.com\/fr\/wp-json\/wp\/v2\/posts\/148049\/revisions"}],"wp:featuredmedia":[{"embeddable":true,"href":"https:\/\/www.europesays.com\/fr\/wp-json\/wp\/v2\/media\/148050"}],"wp:attachment":[{"href":"https:\/\/www.europesays.com\/fr\/wp-json\/wp\/v2\/media?parent=148049"}],"wp:term":[{"taxonomy":"category","embeddable":true,"href":"https:\/\/www.europesays.com\/fr\/wp-json\/wp\/v2\/categories?post=148049"},{"taxonomy":"post_tag","embeddable":true,"href":"https:\/\/www.europesays.com\/fr\/wp-json\/wp\/v2\/tags?post=148049"}],"curies":[{"name":"wp","href":"https:\/\/api.w.org\/{rel}","templated":true}]}}