{"id":14805,"date":"2025-04-10T11:13:18","date_gmt":"2025-04-10T11:13:18","guid":{"rendered":"https:\/\/www.europesays.com\/fr\/14805\/"},"modified":"2025-04-10T11:13:18","modified_gmt":"2025-04-10T11:13:18","slug":"previsions-du-jeudi-10-avril-2025-2","status":"publish","type":"post","link":"https:\/\/www.europesays.com\/fr\/14805\/","title":{"rendered":"pr\u00e9visions du jeudi 10 avril 2025"},"content":{"rendered":"<p>Un splendide soleil va briller sur Lille et ce, tout au long de la journ\u00e9e. Les temp\u00e9ratures afficheront entre 4 et 15\u00b0C. Un vent de nord rafra\u00eechira l\u00e9g\u00e8rement l&rsquo;atmosph\u00e8re. L&rsquo;apr\u00e8s-midi, c&rsquo;est une hausse de plusieurs degr\u00e9s que vont enregistrer les temp\u00e9ratures. Les maximales pourront atteindre 15\u00b0C alors que les minimales seront de 13\u00b0C. Entre jeudi et vendredi, la nuit sera claire.<\/p>\n<p>C&rsquo;est un soleil \u00e9clatant qui va briller demain sur Lille. L&rsquo;air ambiant va se r\u00e9chauffer avec une augmentation de quelques degr\u00e9s. Le thermom\u00e8tre affichera 12\u00b0C en moyenne. Une l\u00e9g\u00e8re brise de nord-est sera ressentie par les habitants. Le matin, on anticipe des valeurs d&rsquo;environ 11\u00b0C. Les temp\u00e9ratures vont conna\u00eetre une hausse de plusieurs degr\u00e9s dans l&rsquo;apr\u00e8s-midi. Les valeurs seront comprises entre 17 et 19\u00b0C.<\/p>\n<p>La m\u00e9t\u00e9o des journ\u00e9es qui suivent va changer progressivement. La m\u00e9t\u00e9o perdurera samedi mais une d\u00e9gradation s&rsquo;ensuivra dimanche.<\/p>\n<p><\/p>\n","protected":false},"excerpt":{"rendered":"Un splendide soleil va briller sur Lille et ce, tout au long de la journ\u00e9e. Les temp\u00e9ratures afficheront&hellip;\n","protected":false},"author":2,"featured_media":14806,"comment_status":"","ping_status":"","sticky":false,"template":"","format":"standard","meta":{"footnotes":""},"categories":[2815],"tags":[1111,11,1777,674,1011,27,811,1307,12,1308,1309,2119,25],"class_list":{"0":"post-14805","1":"post","2":"type-post","3":"status-publish","4":"format-standard","5":"has-post-thumbnail","7":"category-lille","8":"tag-actu","9":"tag-actualites","10":"tag-eu","11":"tag-europe","12":"tag-fr","13":"tag-france","14":"tag-hauts-de-france","15":"tag-lille","16":"tag-news","17":"tag-nord","18":"tag-nord-pas-de-calais","19":"tag-previsions-meteo","20":"tag-republique-francaise"},"share_on_mastodon":{"url":"https:\/\/pubeurope.com\/@fr\/114313376941578809","error":""},"_links":{"self":[{"href":"https:\/\/www.europesays.com\/fr\/wp-json\/wp\/v2\/posts\/14805","targetHints":{"allow":["GET"]}}],"collection":[{"href":"https:\/\/www.europesays.com\/fr\/wp-json\/wp\/v2\/posts"}],"about":[{"href":"https:\/\/www.europesays.com\/fr\/wp-json\/wp\/v2\/types\/post"}],"author":[{"embeddable":true,"href":"https:\/\/www.europesays.com\/fr\/wp-json\/wp\/v2\/users\/2"}],"replies":[{"embeddable":true,"href":"https:\/\/www.europesays.com\/fr\/wp-json\/wp\/v2\/comments?post=14805"}],"version-history":[{"count":0,"href":"https:\/\/www.europesays.com\/fr\/wp-json\/wp\/v2\/posts\/14805\/revisions"}],"wp:featuredmedia":[{"embeddable":true,"href":"https:\/\/www.europesays.com\/fr\/wp-json\/wp\/v2\/media\/14806"}],"wp:attachment":[{"href":"https:\/\/www.europesays.com\/fr\/wp-json\/wp\/v2\/media?parent=14805"}],"wp:term":[{"taxonomy":"category","embeddable":true,"href":"https:\/\/www.europesays.com\/fr\/wp-json\/wp\/v2\/categories?post=14805"},{"taxonomy":"post_tag","embeddable":true,"href":"https:\/\/www.europesays.com\/fr\/wp-json\/wp\/v2\/tags?post=14805"}],"curies":[{"name":"wp","href":"https:\/\/api.w.org\/{rel}","templated":true}]}}