{"id":148061,"date":"2025-06-03T04:37:08","date_gmt":"2025-06-03T04:37:08","guid":{"rendered":"https:\/\/www.europesays.com\/fr\/148061\/"},"modified":"2025-06-03T04:37:08","modified_gmt":"2025-06-03T04:37:08","slug":"voici-les-regles-a-respecter-a-marseille-et-dans-les-bouches-du-rhone","status":"publish","type":"post","link":"https:\/\/www.europesays.com\/fr\/148061\/","title":{"rendered":"voici les r\u00e8gles \u00e0 respecter \u00e0 Marseille et dans les Bouches-du-Rh\u00f4ne"},"content":{"rendered":"<p>            Par<br \/>\n        <strong><br \/>\n            <a href=\"https:\/\/actu.fr\/auteur\/thibault-nadal-actu-fr\" title=\"Consulter tous les articles de Thibault Nadal\" rel=\"nofollow noopener\" target=\"_blank\">Thibault Nadal<\/a><br \/>\n        <\/strong><\/p>\n<p>        Publi\u00e9 le<\/p>\n<p>            3 juin 2025 \u00e0 6h12        <\/p>\n<p>La principale f\u00eate des musulmans approche. Ce vendredi 6\u00a0juin 2025 commence <a href=\"https:\/\/actu.fr\/societe\/aid-el-kebir-on-connait-la-date-officielle-de-la-principale-fete-des-musulmans_62686304.html\" rel=\"nofollow noopener\" target=\"_blank\">l\u2019A\u00efd-El-K\u00e9bir<\/a>. En amont, <a href=\"https:\/\/www.bouches-du-rhone.gouv.fr\/Actions-de-l-Etat\/Alimentation-consommation-et-commerce\/Alimentation\/Aid-el-Kebir\/Aid-El-Kebir-2025\" rel=\"nofollow noopener\" target=\"_blank\">la pr\u00e9fecture des Bouches-du-Rh\u00f4ne<\/a> a publi\u00e9 une liste d\u2019interdictions et de restrictions qui concernent l\u2019ensemble du <a href=\"https:\/\/actu.fr\/provence-alpes-cote-d-azur\/bouches-du-rhone_13\" rel=\"nofollow noopener\" target=\"_blank\">d\u00e9partement<\/a>.<\/p>\n<p class=\" wall-content\">Des restrictions qui vont jusqu\u2019au 13\u00a0juin prochain.<\/p>\n<p>Sept abattoirs autoris\u00e9s dans les Bouches-du-Rh\u00f4ne<\/p>\n<p class=\" wall-content\">Les autorit\u00e9s rappellent que \u00ab\u2009seuls les abattoirs agr\u00e9\u00e9s garantissent le respect des r\u00e8gles d\u2019hygi\u00e8ne, de protection animale et de s\u00e9curit\u00e9 sanitaire. La s\u00e9curit\u00e9 sanitaire est assur\u00e9e par la pr\u00e9sence d\u2019un sacrificateur agr\u00e9\u00e9 par l\u2019instance religieuse et par une inspection sanitaire de chaque carcasse par les services de l\u2019\u00c9tat\u2009\u00bb.<\/p>\n<p class=\" wall-content\">Au total, 17 abattoirs se trouvent dans <a href=\"https:\/\/actu.fr\/provence-alpes-cote-d-azur\/\" rel=\"nofollow noopener\" target=\"_blank\">la r\u00e9gion\u2009Provence-Alpes-C\u00f4te-d\u2019Azur<\/a>, dont sept dans les Bouches-du-Rh\u00f4ne, mais aucun \u00e0 <a href=\"https:\/\/actu.fr\/marseille\/\" rel=\"nofollow noopener\" target=\"_blank\">Marseille<\/a>.<\/p>\n<p class=\" wall-content\"><strong>Voici la liste des abattoirs autoris\u00e9s<\/strong>\u2009:<\/p>\n<p>Vid\u00e9os : en ce moment sur Actu<\/p>\n<ul class=\" wall-content\">\n<li>Bugade distribution, 4027 route de Martigues aux Pennes-Mirabeau,<\/li>\n<li>KNS France, 4027 route de Gignac aux Pennes-Mirabeau,<\/li>\n<li>GAEC de la Grande Viscl\u00e8de, 1755 chemin F.Mannoni \u00e0 Tarascon,<\/li>\n<li>GAEC de la Massugui\u00e8re, Domaine de la Massugui\u00e8re \u00e0 Istres,<\/li>\n<li>GAEC La Bergerie de Sylvestre, MAS de Nans route de Tarascon \u00e0 Arles,<\/li>\n<li>Bergerie de Trets, 295 chemin de la Grande Pug\u00e8re \u00e0 Trets,<\/li>\n<li>GAEC\u00a0Notre-Dame de Crau, Mas de Granoux route de Miramas \u00e0 Eyguierres.<\/li>\n<\/ul>\n<p>Le transport et l\u2019achat de mouton prohib\u00e9s<\/p>\n<p class=\" wall-content\">Durant cette p\u00e9riode, la pr\u00e9fecture indique que \u00ab\u2009l\u2019achat et le transport des moutons et caprins par des personnes qui ne sont pas des \u00e9leveurs sont strictement interdits sur l\u2019ensemble du d\u00e9partement\u2009\u00bb.<\/p>\n<p class=\" wall-content\">En cas d\u2019abattage de moutons en dehors de ces \u00e9tablissements, les personnes impliqu\u00e9es s\u2019exposent \u00e0 un an de prison et \u00e0 15\u2009000\u00a0euros d\u2019amende.<\/p>\n<p class=\" wall-content\">Suivez toute l\u2019actualit\u00e9 de vos villes et m\u00e9dias favoris en vous inscrivant \u00e0 <a href=\"https:\/\/moncompte.actu.fr\" title=\"D\u00e9couvez Mon Actu\" rel=\"nofollow noopener\" data-trk=\"{&quot;cta&quot;:{&quot;action&quot;:&quot;https:\\\/\\\/moncompte.actu.fr&quot;,&quot;category&quot;:&quot;mon compte&quot;,&quot;from&quot;:&quot;article footer&quot;,&quot;name&quot;:&quot;Mon actu&quot;,&quot;type&quot;:&quot;cta&quot;}}\" target=\"_blank\">Mon Actu<\/a>.<\/p>\n","protected":false},"excerpt":{"rendered":"Par Thibault Nadal Publi\u00e9 le 3 juin 2025 \u00e0 6h12 La principale f\u00eate des musulmans approche. Ce vendredi&hellip;\n","protected":false},"author":2,"featured_media":148062,"comment_status":"","ping_status":"","sticky":false,"template":"","format":"standard","meta":{"footnotes":""},"categories":[2814],"tags":[1111,11,1777,674,1011,27,5318,884,12,882,4020,25,104],"class_list":{"0":"post-148061","1":"post","2":"type-post","3":"status-publish","4":"format-standard","5":"has-post-thumbnail","7":"category-marseille","8":"tag-actu","9":"tag-actualites","10":"tag-eu","11":"tag-europe","12":"tag-fr","13":"tag-france","14":"tag-islam","15":"tag-marseille","16":"tag-news","17":"tag-provence-alpes-cote-dazur","18":"tag-religion","19":"tag-republique-francaise","20":"tag-societe"},"share_on_mastodon":{"url":"https:\/\/pubeurope.com\/@fr\/114617584420359421","error":""},"_links":{"self":[{"href":"https:\/\/www.europesays.com\/fr\/wp-json\/wp\/v2\/posts\/148061","targetHints":{"allow":["GET"]}}],"collection":[{"href":"https:\/\/www.europesays.com\/fr\/wp-json\/wp\/v2\/posts"}],"about":[{"href":"https:\/\/www.europesays.com\/fr\/wp-json\/wp\/v2\/types\/post"}],"author":[{"embeddable":true,"href":"https:\/\/www.europesays.com\/fr\/wp-json\/wp\/v2\/users\/2"}],"replies":[{"embeddable":true,"href":"https:\/\/www.europesays.com\/fr\/wp-json\/wp\/v2\/comments?post=148061"}],"version-history":[{"count":0,"href":"https:\/\/www.europesays.com\/fr\/wp-json\/wp\/v2\/posts\/148061\/revisions"}],"wp:featuredmedia":[{"embeddable":true,"href":"https:\/\/www.europesays.com\/fr\/wp-json\/wp\/v2\/media\/148062"}],"wp:attachment":[{"href":"https:\/\/www.europesays.com\/fr\/wp-json\/wp\/v2\/media?parent=148061"}],"wp:term":[{"taxonomy":"category","embeddable":true,"href":"https:\/\/www.europesays.com\/fr\/wp-json\/wp\/v2\/categories?post=148061"},{"taxonomy":"post_tag","embeddable":true,"href":"https:\/\/www.europesays.com\/fr\/wp-json\/wp\/v2\/tags?post=148061"}],"curies":[{"name":"wp","href":"https:\/\/api.w.org\/{rel}","templated":true}]}}