{"id":148064,"date":"2025-06-03T04:39:21","date_gmt":"2025-06-03T04:39:21","guid":{"rendered":"https:\/\/www.europesays.com\/fr\/148064\/"},"modified":"2025-06-03T04:39:21","modified_gmt":"2025-06-03T04:39:21","slug":"a-lyon-les-galeres-des-locataires-de-lagence-immobiliere-oqoro","status":"publish","type":"post","link":"https:\/\/www.europesays.com\/fr\/148064\/","title":{"rendered":"\u00c0 Lyon, les gal\u00e8res des locataires de l&rsquo;agence immobili\u00e8re Oqoro"},"content":{"rendered":"<p class=\"wp-block-post-excerpt__excerpt\">Fond\u00e9e \u00e0 Lyon, l\u2019agence immobili\u00e8re Oqoro est critiqu\u00e9e par locataires et associations pour son recours quasi-syst\u00e9matique \u00e0 des compl\u00e9ments de loyer \u00ab\u00a0injustifi\u00e9s\u00a0\u00bb, une mani\u00e8re de contourner l\u2019encadrement des loyers en vigueur \u00e0 Lyon et Villeurbanne. <\/p>\n<p>M\u00e9line Pulliat<\/p>\n<p>Publi\u00e9 le 3 juin 2025\u00a0\u00a0\u00b7\u00a0\u00a0<\/p>\n<p>Imprim\u00e9 le 3 juin 2025 \u00e0 06h39\u00a0\u00a0\u00b7\u00a0\u00a0<\/p>\n<p>\t\t\t\t\t7\u00a0minutes\n<\/p>\n<p>En novembre 2021, Damien, 23 ans, vient de trouver un travail \u00e0 Lyon. Cherchant un logement dans l\u2019une des villes les plus tendues du march\u00e9 locatif fran\u00e7ais, il tombe sur une offre all\u00e9chante : une chambre dans une colocation de 13 personnes \u00e0 Villeurbanne. \u00ab\u00a0Maison neuve de 265 m\u00b2, jardin arbor\u00e9 et \u00e9quip\u00e9 (salon de jardin, barbecue, parasol, hamac), avec son potager, espaces de vie relaxants, au vert, pour les colocataires\u2026\u00a0\u00bb Le tout pour 580 euros, charges comprises.<\/p>\n<p>Cette perle rare est propos\u00e9e par l\u2019agence immobili\u00e8re en ligne Oqoro. Une start up lyonnaise fond\u00e9e en 2019 qui ne cesse de se d\u00e9velopper. L\u2019offre est simple : une agence 100% en ligne pour \u00ab\u00a0faciliter les d\u00e9marches\u00a0\u00bb, un site bien l\u00e9ch\u00e9, une visite virtuelle, un dossier vite d\u00e9pos\u00e9, vite accept\u00e9. \u00ab\u00a0Au d\u00e9but, on est plut\u00f4t content, c\u2019est rapide et facile\u00a0\u00bb, explique Damien. Trois ans apr\u00e8s avoir emm\u00e9nag\u00e9, il d\u00e9chante.<\/p>\n<p>\u00c0 lire sur Rue89Lyon<\/p>\n<p><a href=\"https:\/\/www.rue89lyon.fr\/2021\/10\/27\/encadrement-loyers-regles-lyon-villeurbanne\/\" target=\"_blank\" rel=\"noreferrer noopener\">Encadrement des loyers\u00a0: comment \u00e7a marche \u00e0 Lyon et Villeurbanne\u00a0?<\/a><\/p>\n<p>\t\tOqoro \u00ab\u00a0s\u2019exon\u00e8re de l\u2019encadrement des loyers\u00a0\u00bb \u00e0 Lyon<\/p>\n<p>\u00ab\u00a0Le probl\u00e8me num\u00e9ro un avec Oqoro, c\u2019est son non-respect quasi syst\u00e9matique de l\u2019encadrement des loyers\u201d, peste Tennessee Garcia, coordinateur de la conf\u00e9d\u00e9ration syndicale des Familles (CSF69) une association d\u2019aide aux locataires. Test\u00e9 \u00e0 Lyon et \u00e0 Villeurbanne par la M\u00e9tropole depuis le 1er novembre 2021, le dispositif permet de limiter la hausse exponentielle des prix des loyers.<\/p>\n<p>Sauf que cet encadrement a des failles : il d\u00e9finit un plafond de loyer \u00e0 ne pas d\u00e9passer, mais qui ne compte ni les charges ni les compl\u00e9ments de loyers. Oqoro et les propri\u00e9taires accompagn\u00e9s par l\u2019agence ont souvent recours \u00e0 des compl\u00e9ments, pour des raisons peu l\u00e9gitimes.<\/p>\n<p><img loading=\"lazy\" decoding=\"async\" width=\"2048\" height=\"1781\" src=\"https:\/\/www.europesays.com\/fr\/wp-content\/uploads\/2025\/06\/23-paywall.png\" alt=\"Abonnez-vous\" class=\"wp-image-207192\" style=\"aspect-ratio:1.149915777653004;width:237px;height:auto\"  \/><\/p>\n<p>Cet article fait partie de l\u2019\u00e9dition abonn\u00e9s. Pour lire la suite, profitez d\u2019une offre d\u00e9couverte \u00e0 1\u20ac. Contribuez \u00e0 consolider un m\u00e9dia ind\u00e9pendant \u00e0 Lyon, en capacit\u00e9 d\u2019enqu\u00eater sur les enjeux locaux.<\/p>\n<p>\t\t\t<a href=\"https:\/\/www.rue89lyon.fr\/\" class=\"custom-logo-link\" rel=\"home noopener\" target=\"_blank\"><img loading=\"lazy\" decoding=\"async\" width=\"290\" height=\"89\" src=\"https:\/\/www.europesays.com\/fr\/wp-content\/uploads\/2025\/04\/1745556146_356_logo.png\" class=\"custom-logo\" alt=\"Rue89Lyon Infos, enqu\u00eates \u00e0 Lyon et dans la r\u00e9gion\"  \/><\/a><\/p>\n<p>\n\t\t\t\tAbonnez-vous maintenant pour suivre l\u2019actualit\u00e9 locale.\t\t\t<\/p>\n<p class=\"font-bold font-serif-heading mb-2 text-4xl\">\n\t\t\t\t\t\tL\u2019investigation locale \u00e0 port\u00e9e de main.\n\t\t\t\t\t<\/p>\n<p>\n\t\t\t\t\t\tAbonnez-vous et profitez d\u2019un acc\u00e8s illimit\u00e9 \u00e0 Rue89 Lyon. Annulez quand vous voulez.\n\t\t\t\t\t<\/p>\n<p class=\"xl:text-sm\">\n\t\t\t\t\tD\u00e9j\u00e0 abonn\u00e9\u00a0?<br \/>\n\t\t\t\t\t<a class=\"border border-transparent text-center transition-colors duration-instant focus:border-info focus:rounded focus:shadow-focus cursor-pointer text-black hover:text-gray-700 active:bg-black-700 font-semibold inline-block\" href=\"https:\/\/www.rue89lyon.fr\/user\/login\/?redirect=\/2025\/06\/03\/lyon-agence-oqoro-championne-contournement-encadrement-loyers\/\" target=\"_blank\" rel=\"noopener\">Connectez-vous<\/a>\t\t\t\t<\/p>\n<p>\n\t\t\t\tChoisissez votre formule\u00a0:\n\t\t\t<\/p>\n<p>\t\t\t\tFermer<\/p>\n","protected":false},"excerpt":{"rendered":"Fond\u00e9e \u00e0 Lyon, l\u2019agence immobili\u00e8re Oqoro est critiqu\u00e9e par locataires et associations pour son recours quasi-syst\u00e9matique \u00e0 des&hellip;\n","protected":false},"author":2,"featured_media":148065,"comment_status":"","ping_status":"","sticky":false,"template":"","format":"standard","meta":{"footnotes":""},"categories":[1889],"tags":[1111,11,2430,5225,1777,674,1011,27,1908,2428,12,25],"class_list":{"0":"post-148064","1":"post","2":"type-post","3":"status-publish","4":"format-standard","5":"has-post-thumbnail","7":"category-lyon","8":"tag-actu","9":"tag-actualites","10":"tag-auvergne-rhone-alpes","11":"tag-encadrement-des-loyers","12":"tag-eu","13":"tag-europe","14":"tag-fr","15":"tag-france","16":"tag-logement","17":"tag-lyon","18":"tag-news","19":"tag-republique-francaise"},"share_on_mastodon":{"url":"https:\/\/pubeurope.com\/@fr\/114617592318503691","error":""},"_links":{"self":[{"href":"https:\/\/www.europesays.com\/fr\/wp-json\/wp\/v2\/posts\/148064","targetHints":{"allow":["GET"]}}],"collection":[{"href":"https:\/\/www.europesays.com\/fr\/wp-json\/wp\/v2\/posts"}],"about":[{"href":"https:\/\/www.europesays.com\/fr\/wp-json\/wp\/v2\/types\/post"}],"author":[{"embeddable":true,"href":"https:\/\/www.europesays.com\/fr\/wp-json\/wp\/v2\/users\/2"}],"replies":[{"embeddable":true,"href":"https:\/\/www.europesays.com\/fr\/wp-json\/wp\/v2\/comments?post=148064"}],"version-history":[{"count":0,"href":"https:\/\/www.europesays.com\/fr\/wp-json\/wp\/v2\/posts\/148064\/revisions"}],"wp:featuredmedia":[{"embeddable":true,"href":"https:\/\/www.europesays.com\/fr\/wp-json\/wp\/v2\/media\/148065"}],"wp:attachment":[{"href":"https:\/\/www.europesays.com\/fr\/wp-json\/wp\/v2\/media?parent=148064"}],"wp:term":[{"taxonomy":"category","embeddable":true,"href":"https:\/\/www.europesays.com\/fr\/wp-json\/wp\/v2\/categories?post=148064"},{"taxonomy":"post_tag","embeddable":true,"href":"https:\/\/www.europesays.com\/fr\/wp-json\/wp\/v2\/tags?post=148064"}],"curies":[{"name":"wp","href":"https:\/\/api.w.org\/{rel}","templated":true}]}}