{"id":14807,"date":"2025-04-10T11:14:08","date_gmt":"2025-04-10T11:14:08","guid":{"rendered":"https:\/\/www.europesays.com\/fr\/14807\/"},"modified":"2025-04-10T11:14:08","modified_gmt":"2025-04-10T11:14:08","slug":"les-communes-de-la-region-toujours-plus-fleuries","status":"publish","type":"post","link":"https:\/\/www.europesays.com\/fr\/14807\/","title":{"rendered":"les communes de la r\u00e9gion toujours plus fleuries"},"content":{"rendered":"<p>\u00ab\u00a0Fleurir sa commune, c&rsquo;est faire un choix structurant.\u00a0\u00bb Ce mercredi, \u00e0 l&rsquo;occasion de la remise des labels Villes et Villages Fleuris, <a href=\"https:\/\/www.laprovence.com\/article\/economie\/5023359435722\/francois-de-canson-reelu-a-la-tete-du-comite-regional-de-tourisme\" target=\"_blank\" rel=\"noopener\">Fran\u00e7ois de Canson<\/a>, vice-pr\u00e9sident du comit\u00e9 r\u00e9gional du tourisme de la R\u00e9gion Provence-Alpes-C\u00f4te d&rsquo;Azur (Paca) &#8211; a prononc\u00e9 son discours \u00e0 l&rsquo;H\u00f4tel de R\u00e9gion. \u00ab\u00a0C&rsquo;est faire en sorte que l&rsquo;espace public soit \u00e0 la fois fonctionnel, po\u00e9tique et vivant\u00a0\u00bb, poursuit-il. Pertuis (Var), Sorgues (Vaucluse), Lambesc (Bouches-du-Rh\u00f4ne), Forcalquier (Alpes-de-Haute-Provence)&#8230; 63 communes ont \u00e9t\u00e9 r\u00e9compens\u00e9es. \u00ab\u00a0Un cru exceptionnel\u00a0\u00bb, se r\u00e9jouit Fran\u00e7ois de Canson.<\/p>\n<p>Un label florissant de plus en plus pris\u00e9<\/p>\n<p>\u00ab\u00a0Il ne s&rsquo;agit plus simplement d&rsquo;esth\u00e9tique ou d&rsquo;ornement, mais d&rsquo;un v\u00e9ritable outil de politique publique, au service de l&rsquo;am\u00e9nagement du territoire, de la transition \u00e9cologique, de la sant\u00e9 environnementale, de la coh\u00e9sion sociale et de l&rsquo;attractivit\u00e9\u00a0\u00bb, ajoute le vice-pr\u00e9sident du comit\u00e9. Un d\u00e9fi qui a vu le jour en 1959 sous la forme d&rsquo;un concours national g\u00e9r\u00e9 par l&rsquo;\u00c9tat. Aujourd&rsquo;hui, le label est encadr\u00e9 par l&rsquo;organisation associative Conseil national des <a href=\"https:\/\/www.laprovence.com\/article\/region\/3494464364475615\/villes-et-villages-fleuris-istres-a-des-atouts-pour-garder-ses-4-fleurs\" target=\"_blank\" rel=\"noopener\">villes et villages fleuris<\/a> (CNVVF). Plusieurs experts travaillent main dans la main : des \u00e9lus et techniciens de collectivit\u00e9s locales, professionnels de l&rsquo;urbanisme, de l&rsquo;horticulture et du tourisme.<\/p>\n","protected":false},"excerpt":{"rendered":"\u00ab\u00a0Fleurir sa commune, c&rsquo;est faire un choix structurant.\u00a0\u00bb Ce mercredi, \u00e0 l&rsquo;occasion de la remise des labels Villes&hellip;\n","protected":false},"author":2,"featured_media":14808,"comment_status":"","ping_status":"","sticky":false,"template":"","format":"standard","meta":{"footnotes":""},"categories":[2814],"tags":[17,1111,11,1674,33,1777,674,6318,1011,27,884,12,883,378,882,16,25,6317,6316],"class_list":{"0":"post-14807","1":"post","2":"type-post","3":"status-publish","4":"format-standard","5":"has-post-thumbnail","7":"category-marseille","8":"tag-17","9":"tag-actu","10":"tag-actualites","11":"tag-communes","12":"tag-economie","13":"tag-eu","14":"tag-europe","15":"tag-fleuris","16":"tag-fr","17":"tag-france","18":"tag-marseille","19":"tag-news","20":"tag-paca","21":"tag-plus","22":"tag-provence-alpes-cote-dazur","23":"tag-region","24":"tag-republique-francaise","25":"tag-villages","26":"tag-villes"},"share_on_mastodon":{"url":"https:\/\/pubeurope.com\/@fr\/114313380897963350","error":""},"_links":{"self":[{"href":"https:\/\/www.europesays.com\/fr\/wp-json\/wp\/v2\/posts\/14807","targetHints":{"allow":["GET"]}}],"collection":[{"href":"https:\/\/www.europesays.com\/fr\/wp-json\/wp\/v2\/posts"}],"about":[{"href":"https:\/\/www.europesays.com\/fr\/wp-json\/wp\/v2\/types\/post"}],"author":[{"embeddable":true,"href":"https:\/\/www.europesays.com\/fr\/wp-json\/wp\/v2\/users\/2"}],"replies":[{"embeddable":true,"href":"https:\/\/www.europesays.com\/fr\/wp-json\/wp\/v2\/comments?post=14807"}],"version-history":[{"count":0,"href":"https:\/\/www.europesays.com\/fr\/wp-json\/wp\/v2\/posts\/14807\/revisions"}],"wp:featuredmedia":[{"embeddable":true,"href":"https:\/\/www.europesays.com\/fr\/wp-json\/wp\/v2\/media\/14808"}],"wp:attachment":[{"href":"https:\/\/www.europesays.com\/fr\/wp-json\/wp\/v2\/media?parent=14807"}],"wp:term":[{"taxonomy":"category","embeddable":true,"href":"https:\/\/www.europesays.com\/fr\/wp-json\/wp\/v2\/categories?post=14807"},{"taxonomy":"post_tag","embeddable":true,"href":"https:\/\/www.europesays.com\/fr\/wp-json\/wp\/v2\/tags?post=14807"}],"curies":[{"name":"wp","href":"https:\/\/api.w.org\/{rel}","templated":true}]}}