{"id":148072,"date":"2025-06-03T04:44:11","date_gmt":"2025-06-03T04:44:11","guid":{"rendered":"https:\/\/www.europesays.com\/fr\/148072\/"},"modified":"2025-06-03T04:44:11","modified_gmt":"2025-06-03T04:44:11","slug":"la-ville-de-paris-lance-lappel-a-candidature-de-ses-prix-savoir-faire-en-transmission","status":"publish","type":"post","link":"https:\/\/www.europesays.com\/fr\/148072\/","title":{"rendered":"La ville de Paris lance l\u2019appel \u00e0 candidature de ses Prix Savoir-faire en transmission"},"content":{"rendered":"<p class=\"article-content col-md-8 offset-md-1\">\n                                La ville de Paris siffle le coup d\u2019envoi de l\u2019appel \u00e0 candidature de ses Prix Savoir-faire en transmission 2025. Les participants ont jusqu\u2019au 2 novembre prochain pour d\u00e9poser leur dossier. Ces prix permettent \u00e0 des \u00e9tudiants, dipl\u00f4m\u00e9s ou non, et \u00e0 des professionnels en reconversion d\u2019effectuer un stage au sein d\u2019une entreprise sp\u00e9cialis\u00e9e gr\u00e2ce \u00e0 une dotation de 12.000 euros chacun.<\/p>\n<p><img decoding=\"async\" class=\"news-image\" style=\"width:100%;\" src=\"https:\/\/www.europesays.com\/fr\/wp-content\/uploads\/2025\/06\/5776.png\" alt=\"12.000 euros seront attribu\u00e9s aux laur\u00e9ats\" loading=\"lazy\"\/>12.000 euros seront attribu\u00e9s aux laur\u00e9ats &#8211; Agla\u00e9 Desanlis<\/p>\n<p class=\"col-md-8 offset-md-1 article-content--texte\">Pour candidater, les aspirants doivent au pr\u00e9alable compter sur l\u2019accord d\u2019un artisan qui les accueillera en stage pour une dur\u00e9e de douze mois, \u00e0 partir de janvier ou d\u2019avril prochain. Par ailleurs, les candidats doivent avoir une premi\u00e8re exp\u00e9rience significative (un ou plusieurs stages et\/ou CDD) dans le m\u00e9tier d\u2019art au titre duquel ils postulent pour un stage dans l\u2019entreprise d\u2019accueil. L\u2019atelier d\u2019artisanat doit se trouver \u00e0 Paris ou dans une autre ville d&rsquo;\u00eele de France, exception faite pour les m\u00e9tiers rares. La liste des m\u00e9tiers d\u2019art, fix\u00e9e par l\u2019arr\u00eat\u00e9 minist\u00e9riel du 24 d\u00e9cembre 2015, regroupe 198 m\u00e9tiers et 83 sp\u00e9cialit\u00e9s r\u00e9partis en seize domaines.<\/p>\n<p class=\"col-md-10 exergue\">R\u00e9compenser la coh\u00e9rence du parcours<\/p>\n<p>Outre un CV et les documents d\u2019attestation de stage, le dossier doit comprendre une pr\u00e9sentation de deux \u00e0 trois pages du projet de stage. Elle doit mettre en lumi\u00e8re les biais d\u2019apprentissage et de collaboration entre le stagiaire et l\u2019artisan et doit pr\u00e9senter le programme d\u00e9taill\u00e9 par p\u00e9riode ou trimestre des enseignements techniques et transversaux. \u00c0 cela s\u2019ajoute une pr\u00e9sentation des r\u00e9alisations personnelles du candidat accompagn\u00e9e de photographies, si cela est possible (10 pages maximum).<\/p>\n<p class=\"col-md-8 offset-md-1 article-content--texte\">Les dossiers de candidature sont examin\u00e9s conjointement par le Bureau du Design, de la Mode et des M\u00e9tiers d\u2019Art, l\u2019Institut pour les Savoir-Faire Fran\u00e7ais, la Chambre de M\u00e9tiers et de l\u2019Artisanat Ile-de-France Paris et les m\u00e9c\u00e8nes. Le choix du jury se base sur la coh\u00e9rence de leur parcours, leur motivation et la qualit\u00e9 de leur projet professionnel, et chaque laur\u00e9at re\u00e7oit 12.000 euros (la moiti\u00e9 au d\u00e9but du stage, la seconde moiti\u00e9 au 6\u00e8me mois).<\/p>\n<p><img decoding=\"async\" class=\"news-image\" style=\"width:100%;\" src=\"https:\/\/www.europesays.com\/fr\/wp-content\/uploads\/2025\/06\/1006.png\" alt=\"Le stage en atelier dure 12 mois\" loading=\"lazy\"\/>Le stage en atelier dure 12 mois &#8211; Agla\u00e9 Desanlis<\/p>\n<p class=\"col-md-8 offset-md-1 article-content--texte\">Lors de l\u2019\u00e9dition 2024, 22 prix ont ainsi \u00e9t\u00e9 attribu\u00e9s par la ville de Paris et par les m\u00e9c\u00e8nes de ce concours (la Fondation R\u00e9my Cointreau, la Fondation Michelle et Antoine Riboud, le 19M et L\u2019Alliance pour le Lin et le Chanvre Europ\u00e9ens via le Fonds de dotation pour les Ateliers de Paris).\u00a0<br style=\"letter-spacing: normal;\"\/>\u00a0\n                            <\/p>\n<p>\n                                Tous droits de reproduction et de repr\u00e9sentation r\u00e9serv\u00e9s.<br \/>\u00a9 2025 FashionNetwork.com\n                            <\/p>\n","protected":false},"excerpt":{"rendered":"La ville de Paris siffle le coup d\u2019envoi de l\u2019appel \u00e0 candidature de ses Prix Savoir-faire en transmission&hellip;\n","protected":false},"author":2,"featured_media":148073,"comment_status":"","ping_status":"","sticky":false,"template":"","format":"standard","meta":{"footnotes":""},"categories":[1888],"tags":[1111,1928,11,1927,2424,537,2423,1777,674,1011,27,2425,985,12,1926,2298,626,1925,2426,2427,25,2421,2422],"class_list":{"0":"post-148072","1":"post","2":"type-post","3":"status-publish","4":"format-standard","5":"has-post-thumbnail","7":"category-paris","8":"tag-actu","9":"tag-actu-paris","10":"tag-actualites","11":"tag-actualites-paris","12":"tag-beaute","13":"tag-contact","14":"tag-cosmetiques","15":"tag-eu","16":"tag-europe","17":"tag-fr","18":"tag-france","19":"tag-luxe","20":"tag-mode","21":"tag-news","22":"tag-news-paris","23":"tag-parfum","24":"tag-paris","25":"tag-paris-news","26":"tag-professionnel","27":"tag-professionnels","28":"tag-republique-francaise","29":"tag-reseau","30":"tag-textile"},"share_on_mastodon":{"url":"https:\/\/pubeurope.com\/@fr\/114617611940047857","error":""},"_links":{"self":[{"href":"https:\/\/www.europesays.com\/fr\/wp-json\/wp\/v2\/posts\/148072","targetHints":{"allow":["GET"]}}],"collection":[{"href":"https:\/\/www.europesays.com\/fr\/wp-json\/wp\/v2\/posts"}],"about":[{"href":"https:\/\/www.europesays.com\/fr\/wp-json\/wp\/v2\/types\/post"}],"author":[{"embeddable":true,"href":"https:\/\/www.europesays.com\/fr\/wp-json\/wp\/v2\/users\/2"}],"replies":[{"embeddable":true,"href":"https:\/\/www.europesays.com\/fr\/wp-json\/wp\/v2\/comments?post=148072"}],"version-history":[{"count":0,"href":"https:\/\/www.europesays.com\/fr\/wp-json\/wp\/v2\/posts\/148072\/revisions"}],"wp:featuredmedia":[{"embeddable":true,"href":"https:\/\/www.europesays.com\/fr\/wp-json\/wp\/v2\/media\/148073"}],"wp:attachment":[{"href":"https:\/\/www.europesays.com\/fr\/wp-json\/wp\/v2\/media?parent=148072"}],"wp:term":[{"taxonomy":"category","embeddable":true,"href":"https:\/\/www.europesays.com\/fr\/wp-json\/wp\/v2\/categories?post=148072"},{"taxonomy":"post_tag","embeddable":true,"href":"https:\/\/www.europesays.com\/fr\/wp-json\/wp\/v2\/tags?post=148072"}],"curies":[{"name":"wp","href":"https:\/\/api.w.org\/{rel}","templated":true}]}}