{"id":148082,"date":"2025-06-03T04:49:12","date_gmt":"2025-06-03T04:49:12","guid":{"rendered":"https:\/\/www.europesays.com\/fr\/148082\/"},"modified":"2025-06-03T04:49:12","modified_gmt":"2025-06-03T04:49:12","slug":"le-secretaire-americain-au-commerce-prevoit-un-accord-commercial-avec-linde-dans-un-avenir-assez-proche","status":"publish","type":"post","link":"https:\/\/www.europesays.com\/fr\/148082\/","title":{"rendered":"Le secr\u00e9taire am\u00e9ricain au Commerce pr\u00e9voit un accord commercial avec l&rsquo;Inde dans un \u00abavenir assez proche\u00bb"},"content":{"rendered":"<p class=\"fig-paragraph\">Le secr\u00e9taire am\u00e9ricain au Commerce, Howard Lutnick, a fait part lundi de son optimisme quant \u00e0 la conclusion d&rsquo;un accord commercial avec l&rsquo;Inde, afin de contourner les\u00a0<a href=\"http:\/\/www.lefigaro.fr\/flash-eco\/l-inde-et-les-etats-unis-s-entendent-sur-un-accord-commercial-mais-pas-de-levee-des-droits-de-douane-en-vue-20250330\" data-fig-type=\"NewsFlash\" data-gtm-custom-categorie=\"navigation\" data-gtm-custom-action=\"crossclick\" data-gtm-custom-label=\"Contextuel\" data-gtm-event=\"customEventSPE\" data-fig-domain=\"LEFIGARO\" target=\"_blank\" rel=\"noopener\">droits de douane<\/a>\u00a0impos\u00e9s par Donald Trump.<\/p>\n<p class=\"fig-paragraph\">\u00abVous devriez vous attendre \u00e0 un accord entre les \u00c9tats-Unis et l&rsquo;Inde dans un avenir assez proche\u00bb, a-t-il d\u00e9clar\u00e9 lors d&rsquo;un forum qui promeut les relations entre les deux pays, se disant \u00abtr\u00e8s optimiste.\u00bb Le pr\u00e9sident am\u00e9ricain a annonc\u00e9 la prolongation jusqu&rsquo;au 9 juillet de la pause dans les droits de douane visant plusieurs partenaires commerciaux afin d&rsquo;engager des n\u00e9gociations. Howard Lutnick, fervent d\u00e9fenseur des droits de douane, a d\u00e9clar\u00e9 qu&rsquo;il \u00e9tait un \u00abgrand fan\u00bb de l&rsquo;Inde, mais a fait part de ses pr\u00e9occupations quant \u00e0 l&rsquo;utilisation des surtaxes douani\u00e8res par l&rsquo;\u00e9conomie \u00e9mergente.<\/p>\n<p class=\"fig-paragraph\">Concernant celles impos\u00e9es \u00e0 l&rsquo;Inde par les \u00c9tats-Unis, \u00ables ramener \u00e0 un niveau raisonnable et appropri\u00e9 afin que nous puissions \u00eatre d&rsquo;excellents partenaires commerciaux est, je pense, tout \u00e0 fait envisageable\u00bb, a d\u00e9clar\u00e9 Howard Lutnick. \u00abLe gouvernement indien a fait certaines choses qui ont g\u00e9n\u00e9ralement d\u00e9plu aux \u00c9tats-Unis. Par exemple, acheter du mat\u00e9riel militaire \u00e0 la Russie\u00bb, a-t-il ajout\u00e9.<\/p>\n<p class=\"fig-paragraph\">Donald Trump va \u00abs&rsquo;assurer de prendre soin de l&rsquo;Inde, qu&rsquo;il admire et respecte profond\u00e9ment\u00bb, a conclu Howard Lutnick, assurant que les deux pays entretiendront \u00abune excellente relation\u00bb.<\/p>\n","protected":false},"excerpt":{"rendered":"Le secr\u00e9taire am\u00e9ricain au Commerce, Howard Lutnick, a fait part lundi de son optimisme quant \u00e0 la conclusion&hellip;\n","protected":false},"author":2,"featured_media":148083,"comment_status":"","ping_status":"","sticky":false,"template":"","format":"standard","meta":{"footnotes":""},"categories":[1589],"tags":[1111,47,11,1117,1109,1112,636,981,341,257,73,1866,632,1108,107,1106,1107,1119,1116,5595,1110,1114,500,12,1113,1118,137,401,1115,1864,1865,1863,308],"class_list":{"0":"post-148082","1":"post","2":"type-post","3":"status-publish","4":"format-standard","5":"has-post-thumbnail","7":"category-etats-unis","8":"tag-actu","9":"tag-actualite","10":"tag-actualites","11":"tag-assurance","12":"tag-breves","13":"tag-depeches","14":"tag-devises","15":"tag-douane","16":"tag-emploi","17":"tag-entreprise","18":"tag-etats-unis","19":"tag-etats-unis-damerique","20":"tag-fcp","21":"tag-fil","22":"tag-fil-info","23":"tag-flash","24":"tag-flash-actu","25":"tag-formation","26":"tag-immobilier","27":"tag-inde","28":"tag-informations","29":"tag-infos","30":"tag-medias","31":"tag-news","32":"tag-nouvelles","33":"tag-placement","34":"tag-retraite","35":"tag-sicav","36":"tag-taux","37":"tag-united-states","38":"tag-united-states-of-america","39":"tag-us","40":"tag-usa"},"share_on_mastodon":{"url":"https:\/\/pubeurope.com\/@fr\/114617631687231680","error":""},"_links":{"self":[{"href":"https:\/\/www.europesays.com\/fr\/wp-json\/wp\/v2\/posts\/148082","targetHints":{"allow":["GET"]}}],"collection":[{"href":"https:\/\/www.europesays.com\/fr\/wp-json\/wp\/v2\/posts"}],"about":[{"href":"https:\/\/www.europesays.com\/fr\/wp-json\/wp\/v2\/types\/post"}],"author":[{"embeddable":true,"href":"https:\/\/www.europesays.com\/fr\/wp-json\/wp\/v2\/users\/2"}],"replies":[{"embeddable":true,"href":"https:\/\/www.europesays.com\/fr\/wp-json\/wp\/v2\/comments?post=148082"}],"version-history":[{"count":0,"href":"https:\/\/www.europesays.com\/fr\/wp-json\/wp\/v2\/posts\/148082\/revisions"}],"wp:featuredmedia":[{"embeddable":true,"href":"https:\/\/www.europesays.com\/fr\/wp-json\/wp\/v2\/media\/148083"}],"wp:attachment":[{"href":"https:\/\/www.europesays.com\/fr\/wp-json\/wp\/v2\/media?parent=148082"}],"wp:term":[{"taxonomy":"category","embeddable":true,"href":"https:\/\/www.europesays.com\/fr\/wp-json\/wp\/v2\/categories?post=148082"},{"taxonomy":"post_tag","embeddable":true,"href":"https:\/\/www.europesays.com\/fr\/wp-json\/wp\/v2\/tags?post=148082"}],"curies":[{"name":"wp","href":"https:\/\/api.w.org\/{rel}","templated":true}]}}