{"id":148084,"date":"2025-06-03T04:50:09","date_gmt":"2025-06-03T04:50:09","guid":{"rendered":"https:\/\/www.europesays.com\/fr\/148084\/"},"modified":"2025-06-03T04:50:09","modified_gmt":"2025-06-03T04:50:09","slug":"un-homme-condamne-pour-avoir-brule-un-coran-a-londres-pour-critiquer-erdogan","status":"publish","type":"post","link":"https:\/\/www.europesays.com\/fr\/148084\/","title":{"rendered":"Un homme condamn\u00e9 pour avoir br\u00fbl\u00e9 un Coran \u00e0 Londres pour critiquer Erdogan"},"content":{"rendered":"<p>Le verdict est tomb\u00e9 au <a href=\"https:\/\/www.20minutes.fr\/monde\/royaume-uni\/\" target=\"_blank\" class=\"color-ultramarine c-link\" rel=\"nofollow noopener\">Royaume-Uni<\/a> \u00e0 l\u2019encontre d\u2019un homme qui avait br\u00fbl\u00e9 un <a href=\"https:\/\/www.20minutes.fr\/monde\/coran\/\" target=\"_blank\" class=\"color-ultramarine c-link\" rel=\"nofollow noopener\">Coran<\/a> en f\u00e9vrier devant le consulat de Turquie \u00e0 Londres. Il a \u00e9t\u00e9 condamn\u00e9 lundi par la justice \u00e0 une amende de 240 livres (284 euros) avec une majoration l\u00e9gale de 96 livres (113 euros).<\/p>\n<p>Hamit Coskun, un ressortissant turc de 50 ans, a \u00e9t\u00e9 reconnu coupable de trouble \u00e0 l\u2019ordre public avec la circonstance aggravante d\u2019incitation \u00e0 la haine religieuse.<\/p>\n<p>Un acte \u00ab\u00a0\u00e9minemment provocateur\u00a0\u00bb<\/p>\n<p>Le 13 f\u00e9vrier, cet homme r\u00e9sidant dans les Midlands, dans le centre de l\u2019Angleterre, s\u2019\u00e9tait rendu aux abords du consulat de <a href=\"https:\/\/www.20minutes.fr\/monde\/turquie\/\" target=\"_blank\" class=\"color-ultramarine c-link\" rel=\"nofollow noopener\">Turquie<\/a> o\u00f9 il avait mis le feu \u00e0 un exemplaire du Coran, tout en criant \u00ab\u00a0Fuck islam\u00a0\u00bb ou encore \u00ab\u00a0l\u2019islam est la religion du terrorisme\u00a0\u00bb.<\/p>\n<\/p>\n<p>\u00ab\u00a0Votre acte de br\u00fbler le Coran l\u00e0 o\u00f9 vous l\u2019avez fait \u00e9tait \u00e9minemment provocateur\u00a0\u00bb, a d\u00e9clar\u00e9 le juge John McGarva, du tribunal de Westminster, lors de l\u2019\u00e9nonc\u00e9 du verdict. Il a ajout\u00e9 que les propos tenus par le pr\u00e9venu \u00e9taient \u00ab\u00a0motiv\u00e9s au moins en partie par la haine envers les fid\u00e8les\u00a0\u00bb musulmans.<\/p>\n<p>La question de la \u00ab\u00a0libert\u00e9 d\u2019expression\u00a0\u00bb<\/p>\n<p>Lors du proc\u00e8s, le procureur avait insist\u00e9 sur le fait que le pr\u00e9venu n\u2019\u00e9tait pas poursuivi pour avoir br\u00fbl\u00e9 le Coran mais pour avoir caus\u00e9 un trouble \u00e0 l\u2019ordre public. Selon une vid\u00e9o diffus\u00e9e \u00e0 l\u2019audience, film\u00e9e par un passant au moment des faits, un homme arm\u00e9 d\u2019un objet tranchant, s\u2019\u00e9tait approch\u00e9 du pr\u00e9venu, qu\u2019il avait pris en chasse puis frapp\u00e9.<\/p>\n<p><a href=\"https:\/\/www.20minutes.fr\/monde\/royaume-uni\/\" target=\"_blank\" class=\"c-link c-btn c-btn--primary\" rel=\"nofollow noopener\">Nos articles sur le Royaume-Uni<\/a><\/p>\n<p>Hamit Coskun, qui se dit ath\u00e9e, a expliqu\u00e9 avoir agi ainsi pour d\u00e9noncer le \u00ab\u00a0gouvernement islamiste\u00a0\u00bb du pr\u00e9sident turc <a href=\"https:\/\/www.20minutes.fr\/monde\/recep_tayyip_erdogan\/\" target=\"_blank\" class=\"color-ultramarine c-link\" rel=\"nofollow noopener\">Recep Tayyip Erdogan<\/a>. Apr\u00e8s l\u2019\u00e9nonc\u00e9 de sa peine, il a d\u00e9nonc\u00e9 \u00ab\u00a0une attaque contre la libert\u00e9 d\u2019expression\u00a0\u00bb. Ses frais de justice ont d\u2019ailleurs \u00e9t\u00e9 pris en charge par deux associations qui d\u00e9fendent la libert\u00e9 d\u2019expression, la Free Speech Union (FSU) et la National Secular Society. Elles estiment que cette peine s\u2019apparente \u00e0 une condamnation pour \u00ab\u00a0blasph\u00e8me\u00a0\u00bb, un d\u00e9lit aboli en\u00a02008 en Angleterre et au Pays de Galles.<\/p>\n","protected":false},"excerpt":{"rendered":"Le verdict est tomb\u00e9 au Royaume-Uni \u00e0 l\u2019encontre d\u2019un homme qui avait br\u00fbl\u00e9 un Coran en f\u00e9vrier devant&hellip;\n","protected":false},"author":2,"featured_media":148085,"comment_status":"","ping_status":"","sticky":false,"template":"","format":"standard","meta":{"footnotes":""},"categories":[1588],"tags":[47,11,27731,8873,1777,674,303,474,4534,74,12,3497,473,1853,3496,1851,1850,1852,133],"class_list":{"0":"post-148084","1":"post","2":"type-post","3":"status-publish","4":"format-standard","5":"has-post-thumbnail","7":"category-royaume-uni","8":"tag-actualite","9":"tag-actualites","10":"tag-blaspheme","11":"tag-coran","12":"tag-eu","13":"tag-europe","14":"tag-justice","15":"tag-liberte-dexpression","16":"tag-londres","17":"tag-monde","18":"tag-news","19":"tag-recep-tayyip-erdogan","20":"tag-royaume-uni","21":"tag-royaume-uni-de-grande-bretagne-et-dirlande-du-nord","22":"tag-turquie","23":"tag-uk","24":"tag-united-kingdom","25":"tag-united-kingdom-of-great-britain-and-northern-ireland","26":"tag-video"},"share_on_mastodon":{"url":"https:\/\/pubeurope.com\/@fr\/114617635537343983","error":""},"_links":{"self":[{"href":"https:\/\/www.europesays.com\/fr\/wp-json\/wp\/v2\/posts\/148084","targetHints":{"allow":["GET"]}}],"collection":[{"href":"https:\/\/www.europesays.com\/fr\/wp-json\/wp\/v2\/posts"}],"about":[{"href":"https:\/\/www.europesays.com\/fr\/wp-json\/wp\/v2\/types\/post"}],"author":[{"embeddable":true,"href":"https:\/\/www.europesays.com\/fr\/wp-json\/wp\/v2\/users\/2"}],"replies":[{"embeddable":true,"href":"https:\/\/www.europesays.com\/fr\/wp-json\/wp\/v2\/comments?post=148084"}],"version-history":[{"count":0,"href":"https:\/\/www.europesays.com\/fr\/wp-json\/wp\/v2\/posts\/148084\/revisions"}],"wp:featuredmedia":[{"embeddable":true,"href":"https:\/\/www.europesays.com\/fr\/wp-json\/wp\/v2\/media\/148085"}],"wp:attachment":[{"href":"https:\/\/www.europesays.com\/fr\/wp-json\/wp\/v2\/media?parent=148084"}],"wp:term":[{"taxonomy":"category","embeddable":true,"href":"https:\/\/www.europesays.com\/fr\/wp-json\/wp\/v2\/categories?post=148084"},{"taxonomy":"post_tag","embeddable":true,"href":"https:\/\/www.europesays.com\/fr\/wp-json\/wp\/v2\/tags?post=148084"}],"curies":[{"name":"wp","href":"https:\/\/api.w.org\/{rel}","templated":true}]}}