{"id":148086,"date":"2025-06-03T04:51:19","date_gmt":"2025-06-03T04:51:19","guid":{"rendered":"https:\/\/www.europesays.com\/fr\/148086\/"},"modified":"2025-06-03T04:51:19","modified_gmt":"2025-06-03T04:51:19","slug":"un-tribunal-juge-illegal-le-refoulement-de-demandeurs-dasile-aux-frontieres","status":"publish","type":"post","link":"https:\/\/www.europesays.com\/fr\/148086\/","title":{"rendered":"un tribunal juge \u00ab ill\u00e9gal \u00bb le refoulement de demandeurs d&rsquo;asile aux fronti\u00e8res"},"content":{"rendered":"<p style=\"text-align:justify;\">AA \/ Berlin \/ Oliver Towfigh Nia<\/p>\n<p style=\"text-align:justify;\">Le tribunal administratif de Berlin a statu\u00e9 en r\u00e9f\u00e9r\u00e9, lundi, que le refoulement des demandeurs d&rsquo;asile lors des contr\u00f4les aux fronti\u00e8res du territoire allemand \u00e9tait ill\u00e9gal.<\/p>\n<p style=\"text-align:justify;\">Les demandeurs d&rsquo;asile ne peuvent pas \u00eatre refoul\u00e9s sans suivre la proc\u00e9dure dite de \u00ab proc\u00e9dure de Dublin \u00bb, a estim\u00e9 le tribunal.<\/p>\n<p style=\"text-align:justify;\">En l&rsquo;esp\u00e8ce, deux hommes et une femme originaires de Somalie voyageaient en train depuis la Pologne vers l&rsquo;Allemagne. Le 9 mai, ils ont \u00e9t\u00e9 contr\u00f4l\u00e9s par la police f\u00e9d\u00e9rale \u00e0 la gare de Francfort (Oder). Apr\u00e8s avoir demand\u00e9 l&rsquo;asile, ils ont \u00e9t\u00e9 renvoy\u00e9s en Pologne le m\u00eame jour.<\/p>\n<p style=\"text-align:justify;\">Selon le tribunal, la police f\u00e9d\u00e9rale a justifi\u00e9 le rejet de la demande en invoquant le fait que les int\u00e9ress\u00e9s \u00e9taient entr\u00e9s dans le pays \u00e0 partir d&rsquo;un pays tiers s\u00fbr.<\/p>\n<p style=\"text-align:justify;\">Une porte-parole du tribunal, sous couvert d&rsquo;anonymat, a d\u00e9clar\u00e9 qu&rsquo;il s&rsquo;agissait de la premi\u00e8re d\u00e9cision de justice concernant les nouvelles r\u00e9glementations introduites par le ministre de l&rsquo;int\u00e9rieur Alexander Dobrindt, qui a ordonn\u00e9 l&rsquo;intensification des contr\u00f4les aux fronti\u00e8res quelques heures seulement apr\u00e8s son entr\u00e9e en fonction au d\u00e9but du mois de mai. Dans le m\u00eame temps, il a d\u00e9cid\u00e9 que les demandeurs d&rsquo;asile pourraient \u00e9galement \u00eatre refoul\u00e9s \u00e0 la fronti\u00e8re.<\/p>\n<p style=\"text-align:justify;\">Dans le cadre du nouvel accord de coalition de centre-droit, il a \u00e9t\u00e9 convenu que, \u00ab en coordination avec nos voisins europ\u00e9ens, nous refoulerons \u00e9galement les demandeurs d&rsquo;asile \u00e0 nos fronti\u00e8res communes \u00bb.<\/p>\n<p style=\"text-align:justify;\">L&rsquo;ann\u00e9e derni\u00e8re, 229 751 personnes ont introduit une premi\u00e8re demande d&rsquo;asile en Allemagne. Cela repr\u00e9sente environ 100 000 demandes d&rsquo;asile en moins par rapport \u00e0 l&rsquo;ann\u00e9e pr\u00e9c\u00e9dente. Les principaux pays d&rsquo;origine sont actuellement la Syrie et l&rsquo;Afghanistan.<\/p>\n<p style=\"text-align:justify;\">L&rsquo;Allemagne effectue des contr\u00f4les temporaires \u00e0 toutes les fronti\u00e8res terrestres depuis le 16 septembre 2024 dans le cadre de la lutte contre la migration irr\u00e9guli\u00e8re.<\/p>\n<p style=\"text-align:justify;\">*Traduit de l\u2019Anglais par Mourad Belhaj<\/p>\n<p>                            &#13;<br \/>\n                                <a href=\"https:\/\/www.aa.com.tr\/fr\/p\/abonnement\/1001\" target=\"_blank\" style=\"font-size:12px; color:#444; text-decoration:none;\" rel=\"noopener\">&#13;<br \/>\n                                    Seulement une partie des d\u00e9p\u00eaches, que l&rsquo;Agence Anadolu diffuse \u00e0 ses abonn\u00e9s via le Syst\u00e8me de Diffusion interne (HAS), est diffus\u00e9e sur le site de l&rsquo;AA, de mani\u00e8re r\u00e9sum\u00e9e. <b style=\"color:#1897F7\">Contactez-nous s&rsquo;il vous pla\u00eet pour vous abonner.<\/b>&#13;<br \/>\n                                <\/a>&#13;<\/p>\n","protected":false},"excerpt":{"rendered":"AA \/ Berlin \/ Oliver Towfigh Nia Le tribunal administratif de Berlin a statu\u00e9 en r\u00e9f\u00e9r\u00e9, lundi, que&hellip;\n","protected":false},"author":2,"featured_media":148087,"comment_status":"","ping_status":"","sticky":false,"template":"","format":"standard","meta":{"footnotes":""},"categories":[1587],"tags":[27732,11,672,1785,1804,27733,1805,19046,1803,1777,674,1801,12,1802,27734],"class_list":{"0":"post-148086","1":"post","2":"type-post","3":"status-publish","4":"format-standard","5":"has-post-thumbnail","7":"category-allemagne","8":"tag-procdure-de-dublin","9":"tag-actualites","10":"tag-allemagne","11":"tag-anadolu-ajansi","12":"tag-bundesrepublik-deutschland","13":"tag-contrles-aux-frontires","14":"tag-de","15":"tag-demandeurs-dasile","16":"tag-deutschland","17":"tag-eu","18":"tag-europe","19":"tag-germany","20":"tag-news","21":"tag-republique-federale-dallemagne","22":"tag-tribunal-administratif-de-berlin"},"share_on_mastodon":{"url":"https:\/\/pubeurope.com\/@fr\/114617639477037331","error":""},"_links":{"self":[{"href":"https:\/\/www.europesays.com\/fr\/wp-json\/wp\/v2\/posts\/148086","targetHints":{"allow":["GET"]}}],"collection":[{"href":"https:\/\/www.europesays.com\/fr\/wp-json\/wp\/v2\/posts"}],"about":[{"href":"https:\/\/www.europesays.com\/fr\/wp-json\/wp\/v2\/types\/post"}],"author":[{"embeddable":true,"href":"https:\/\/www.europesays.com\/fr\/wp-json\/wp\/v2\/users\/2"}],"replies":[{"embeddable":true,"href":"https:\/\/www.europesays.com\/fr\/wp-json\/wp\/v2\/comments?post=148086"}],"version-history":[{"count":0,"href":"https:\/\/www.europesays.com\/fr\/wp-json\/wp\/v2\/posts\/148086\/revisions"}],"wp:featuredmedia":[{"embeddable":true,"href":"https:\/\/www.europesays.com\/fr\/wp-json\/wp\/v2\/media\/148087"}],"wp:attachment":[{"href":"https:\/\/www.europesays.com\/fr\/wp-json\/wp\/v2\/media?parent=148086"}],"wp:term":[{"taxonomy":"category","embeddable":true,"href":"https:\/\/www.europesays.com\/fr\/wp-json\/wp\/v2\/categories?post=148086"},{"taxonomy":"post_tag","embeddable":true,"href":"https:\/\/www.europesays.com\/fr\/wp-json\/wp\/v2\/tags?post=148086"}],"curies":[{"name":"wp","href":"https:\/\/api.w.org\/{rel}","templated":true}]}}