{"id":148102,"date":"2025-06-03T05:00:09","date_gmt":"2025-06-03T05:00:09","guid":{"rendered":"https:\/\/www.europesays.com\/fr\/148102\/"},"modified":"2025-06-03T05:00:09","modified_gmt":"2025-06-03T05:00:09","slug":"roland-garros-djokovic-sur-son-retour-a-lhotel-apres-la-victoire-du-psg-il-y-avait-des-voitures-en-feu-il-se-passait-des-choses-vraiment-dangereuses-dans-la-rue-a-un-moment-la-situation-a-de","status":"publish","type":"post","link":"https:\/\/www.europesays.com\/fr\/148102\/","title":{"rendered":"Roland Garros > Djokovic, sur son retour \u00e0 l&rsquo;h\u00f4tel apr\u00e8s la victoire du PSG : \u00ab\u00a0Il y avait des voitures en feu. Il se passait des choses vraiment dangereuses dans la rue. \u00c0 un moment, la situation a d\u00e9g\u00e9n\u00e9r\u00e9\u00a0\u00bb"},"content":{"rendered":"<p>De passage ce lundi en conf\u00e9\u00adrence de presse apr\u00e8s sa quali\u00adfi\u00adca\u00adtion en quarts de finale de Roland\u2010Garros, Novak Djokovic a \u00e9voqu\u00e9 les c\u00e9l\u00e9\u00adbra\u00adtions pas toujours joyeuses qui ont fait suite \u00e0 la victoire du Paris\u2010Saint\u2010Germain en finale de la Ligue des Champions samedi soir.<\/p>\n<p>Devant rentrer \u00e0 son h\u00f4tel \u00e0 ce moment\u2010l\u00e0, le Serbe a bien failli ne pas atteindre sa destination.\u00a0<\/p>\n<p><strong>\u00ab\u202fJe tiens \u00e0 remer\u00adcier le chef de la s\u00e9cu\u00adrit\u00e9, qui n\u2019est pas l\u00e0, mais il a \u00e9t\u00e9 formi\u00addable avec son \u00e9quipe. \u00c0 un moment donn\u00e9, les gens \u00e9taient assez tendus, \u00e0 l\u2019ap\u00adproche de notre retour \u00e0 l\u2019h\u00f4tel. Ils ne nous ont m\u00eame sugg\u00e9r\u00e9 de ne pas rentrer. Peut\u2010\u00eatre pour trouver un endroit o\u00f9 dormir dans le coin pour la nuit. Parce qu\u2019il \u00e9tait minuit pass\u00e9, il y avait des bombes lacry\u00admo\u00adg\u00e8nes et des voitures en feu. Il se passait des choses vrai\u00adment dange\u00adreuses dans la rue. En fait, tout autour de notre h\u00f4tel, pr\u00e8s de l\u2019Arc de Triomphe. Finalement, nous avons discut\u00e9 et attendu un peu. Puis nous avons d\u00e9cid\u00e9 de partir, tout s\u2019est bien pass\u00e9. Nous sommes arriv\u00e9s \u00e0 l\u2019h\u00f4tel sans encombre. Mais c\u2019\u00e9tait assez bruyant, avec beau\u00adcoup de choses qui se passaient \u00e0 l\u2019ex\u00adt\u00e9\u00adrieur. C\u2019est int\u00e9\u00adres\u00adsant de voir ce qui se passe par la fen\u00eatre. \u00c0 un moment, la situa\u00adtion a d\u00e9g\u00e9\u00adn\u00e9r\u00e9. Mais c\u2019est compr\u00e9\u00adhen\u00adsible que les gens soient si enthou\u00adsiastes. Premi\u00e8re victoire en Ligue des cham\u00adpions pour cette ville. C\u2019est l\u2019une des villes les plus impor\u00adtantes du monde. Tout le monde fait la f\u00eate. \u00c7a va durer plusieurs jours.\u202f\u00bb<\/strong><\/p>\n<p class=\"post-published-date\" style=\"color: silver; font-size: 75%; text-align: left;\">Publi\u00e9 le lundi 2 juin 2025 \u00e0 23:23<\/p>\n","protected":false},"excerpt":{"rendered":"De passage ce lundi en conf\u00e9\u00adrence de presse apr\u00e8s sa quali\u00adfi\u00adca\u00adtion en quarts de finale de Roland\u2010Garros, Novak&hellip;\n","protected":false},"author":2,"featured_media":148103,"comment_status":"","ping_status":"","sticky":false,"template":"","format":"standard","meta":{"footnotes":""},"categories":[1415],"tags":[105,1011,27,60,1467],"class_list":{"0":"post-148102","1":"post","2":"type-post","3":"status-publish","4":"format-standard","5":"has-post-thumbnail","7":"category-tennis","8":"tag-djokovic","9":"tag-fr","10":"tag-france","11":"tag-sports","12":"tag-tennis"},"share_on_mastodon":{"url":"https:\/\/pubeurope.com\/@fr\/114617674858184402","error":""},"_links":{"self":[{"href":"https:\/\/www.europesays.com\/fr\/wp-json\/wp\/v2\/posts\/148102","targetHints":{"allow":["GET"]}}],"collection":[{"href":"https:\/\/www.europesays.com\/fr\/wp-json\/wp\/v2\/posts"}],"about":[{"href":"https:\/\/www.europesays.com\/fr\/wp-json\/wp\/v2\/types\/post"}],"author":[{"embeddable":true,"href":"https:\/\/www.europesays.com\/fr\/wp-json\/wp\/v2\/users\/2"}],"replies":[{"embeddable":true,"href":"https:\/\/www.europesays.com\/fr\/wp-json\/wp\/v2\/comments?post=148102"}],"version-history":[{"count":0,"href":"https:\/\/www.europesays.com\/fr\/wp-json\/wp\/v2\/posts\/148102\/revisions"}],"wp:featuredmedia":[{"embeddable":true,"href":"https:\/\/www.europesays.com\/fr\/wp-json\/wp\/v2\/media\/148103"}],"wp:attachment":[{"href":"https:\/\/www.europesays.com\/fr\/wp-json\/wp\/v2\/media?parent=148102"}],"wp:term":[{"taxonomy":"category","embeddable":true,"href":"https:\/\/www.europesays.com\/fr\/wp-json\/wp\/v2\/categories?post=148102"},{"taxonomy":"post_tag","embeddable":true,"href":"https:\/\/www.europesays.com\/fr\/wp-json\/wp\/v2\/tags?post=148102"}],"curies":[{"name":"wp","href":"https:\/\/api.w.org\/{rel}","templated":true}]}}