{"id":148114,"date":"2025-06-03T05:07:24","date_gmt":"2025-06-03T05:07:24","guid":{"rendered":"https:\/\/www.europesays.com\/fr\/148114\/"},"modified":"2025-06-03T05:07:24","modified_gmt":"2025-06-03T05:07:24","slug":"photographier-pour-preserver-la-nature","status":"publish","type":"post","link":"https:\/\/www.europesays.com\/fr\/148114\/","title":{"rendered":"Photographier pour pr\u00e9server la nature"},"content":{"rendered":"<p>La plus grande joie pour moi a \u00e9t\u00e9 d\u2019\u00eatre pionni\u00e8re dans une discipline appel\u00e9e \u00abphotographie de conservation\u00bb. C\u2019est une forme plus activiste de la photographie de nature, ax\u00e9e sur la promotion du changement.<\/p>\n<p>Quand cela a-t-il commenc\u00e9?<\/p>\n<p><strong>C. M.:<\/strong> Il y a environ 30\u00a0ans.<\/p>\n<p>  <a class=\"glightbox\" href=\"https:\/\/www.letemps.ch\/placeholder.png\" data-type=\"image\" data-description=\"Les photographies de Cristina Mittermeier illustrent les actions n\u00e9cessaires pour prot\u00e9ger la vie marine. \u2014 \u00a9 Cristina Mittermeier\" data- rel=\"nofollow noopener\" target=\"_blank\"><\/p>\n<p>      <img decoding=\"async\" class=\"lazy\" title=\"Les photographies de Cristina Mittermeier illustrent les actions n\u00e9cessaires pour prot\u00e9ger la vie marine. \u2014 \u00a9 Cristina Mittermeier\" alt=\"Les photographies de Cristina Mittermeier illustrent les actions n\u00e9cessaires pour prot\u00e9ger la vie marine. \u2014 \u00a9 Cristina Mittermeier\" src=\"https:\/\/www.europesays.com\/fr\/wp-content\/uploads\/2025\/06\/large.jpeg\"\/><\/p>\n<p>  <\/a><br \/>\n  Les photographies de Cristina Mittermeier illustrent les actions n\u00e9cessaires pour prot\u00e9ger la vie marine. \u2014 \u00a9 Cristina Mittermeier<\/p>\n<p>Et qu\u2019en est-il de vos r\u00e9ussites?<\/p>\n<p><strong>C. M.:<\/strong> Une fois que j\u2019ai compris \u00e0 quel point les images pouvaient galvaniser l\u2019action, j\u2019ai d\u00e9velopp\u00e9 des projets et travaux photographiques pour interpeller et impliquer les m\u00e9dias, les gouvernements et le public. Ensemble, nous avons r\u00e9ussi \u00e0 plaider pour la protection de zones et la sauvegarde d\u2019esp\u00e8ces. Au fil des ans, il y a eu de nombreux exemples concrets de ce succ\u00e8s.<\/p>\n<blockquote>\n<p>Les images peuvent galvaniser l\u2019action<\/p>\n<\/blockquote>\n<p>Etait-ce uniquement d\u00fb \u00e0 la photographie, ou votre r\u00e9seau et votre r\u00e9putation ont-ils aussi jou\u00e9 un r\u00f4le essentiel?<\/p>\n<p><strong>C. M.:<\/strong> Vous avez raison: il ne s\u2019agit pas seulement des photos. C\u2019est aussi le photographe, la personne qui d\u00e9fend la cause et utilise ces images pour engager les m\u00e9dias, \u00eatre dans l\u2019actualit\u00e9 et susciter de l\u2019int\u00e9r\u00eat.<\/p>\n<p>  <a class=\"glightbox\" href=\"https:\/\/www.letemps.ch\/placeholder.png\" data-type=\"image\" data-description=\"\u00abDes moments comme celui-ci me rappellent que ce que nous prot\u00e9geons n&#039;est pas seulement la beaut\u00e9, mais aussi la r\u00e9silience d&#039;\u00e9cosyst\u00e8mes entiers\u00bb, d\u00e9clare Cristina Mittermeier. \u2014 \u00a9 Cristina Mittermeier\" data- rel=\"nofollow noopener\" target=\"_blank\"><\/p>\n<p>      <img decoding=\"async\" class=\"lazy\" title=\"\u00abDes moments comme celui-ci me rappellent que ce que nous prot\u00e9geons n'est pas seulement la beaut\u00e9, mais aussi la r\u00e9silience d'\u00e9cosyst\u00e8mes entiers\u00bb, d\u00e9clare Cristina Mittermeier. \u2014 \u00a9 Cristina Mittermeier\" alt=\"\u00abDes moments comme celui-ci me rappellent que ce que nous prot\u00e9geons n'est pas seulement la beaut\u00e9, mais aussi la r\u00e9silience d'\u00e9cosyst\u00e8mes entiers\u00bb, d\u00e9clare Cristina Mittermeier. \u2014 \u00a9 Cristina Mittermeier\" src=\"https:\/\/www.europesays.com\/fr\/wp-content\/uploads\/2025\/06\/1748927240_238_large.jpeg\"\/><\/p>\n<p>  <\/a><br \/>\n  \u00abDes moments comme celui-ci me rappellent que ce que nous prot\u00e9geons n&rsquo;est pas seulement la beaut\u00e9, mais aussi la r\u00e9silience d&rsquo;\u00e9cosyst\u00e8mes entiers\u00bb, d\u00e9clare Cristina Mittermeier. \u2014 \u00a9 Cristina Mittermeier<\/p>\n<p>Pouvez-vous nous donner un exemple o\u00f9 la photographie a influenc\u00e9 des politiciens ou des gouvernements?<\/p>\n<p><strong>C. M.:<\/strong> Bien s\u00fbr. L\u2019une de mes premi\u00e8res inspirations a \u00e9t\u00e9 le photographe de National Geographic, Michael \u00abNick\u00bb Nichols. Il a travaill\u00e9 sur un projet appel\u00e9 \u00abMega Transect\u00bb, o\u00f9 il a parcouru \u00e0 pied des r\u00e9gions du Cameroun jusqu\u2019\u00e0 la c\u00f4te du Gabon, documentant les \u00e9l\u00e9phants de for\u00eat et les paysages vierges. Il a pr\u00e9sent\u00e9 ces images au pr\u00e9sident du Gabon, qui ignorait la pr\u00e9sence d\u2019une telle beaut\u00e9 dans son propre pays. Cela a eu pour cons\u00e9quence que 13 parcs nationaux ont \u00e9t\u00e9 cr\u00e9\u00e9s. C\u2019est l\u00e0 que j\u2019ai r\u00e9alis\u00e9 que la photographie pouvait inspirer une action gouvernementale.<\/p>\n<p>Plus r\u00e9cemment, nous avons appliqu\u00e9 le m\u00eame principe dans l\u2019oc\u00e9an Pacifique tropical oriental, impliquant le Panama, le Costa Rica, la Colombie et l\u2019Equateur. Ces pays partageaient un territoire oc\u00e9anique mais travaillaient s\u00e9par\u00e9ment dans de petites zones prot\u00e9g\u00e9es. \u00a0Gr\u00e2ce notamment \u00e0 la photographie, nous avons inspir\u00e9 la cr\u00e9ation d&rsquo;un corridor marin interconnect\u00e9 permettant aux esp\u00e8ces migratrices de se d\u00e9placer librement sans \u00eatre victimes de la p\u00eache industrielle (Ndlr: le travail d&rsquo;autres organisations locales a aussi permis d&rsquo;atteindre ce but par d&rsquo;autres moyens).<\/p>\n<p>Avez-vous connu des \u00e9checs, ou des situations que vous consid\u00e9rez comme des \u00e9checs?<\/p>\n<p><strong>C. M.:<\/strong> Les efforts de conservation prennent souvent des ann\u00e9es \u00e0 porter leurs fruits. Ce ne sont pas forc\u00e9ment des \u00e9checs, mais parfois, apr\u00e8s des ann\u00e9es d\u2019efforts, les r\u00e9sultats semblent d\u00e9cevants. Cela dit, un \u00e9chec majeur est notre incapacit\u00e9 \u00e0 prot\u00e9ger l\u2019oc\u00e9an Austral autour de l\u2019Antarctique. Obtenir un consensus parmi 25 pays s\u2019est av\u00e9r\u00e9 presque impossible, laissant ces eaux vuln\u00e9rables \u00e0 la surp\u00eache. Mais je n\u2019ai pas encore abandonn\u00e9.<\/p>\n<p>Comment restez-vous motiv\u00e9e malgr\u00e9 les revers?<\/p>\n<p><strong>C. M.:<\/strong> Certains jours sont difficiles. L\u2019ann\u00e9e derni\u00e8re, je me suis demand\u00e9: \u00abA quoi bon?\u00bb Mais je me suis rappel\u00e9 que mon r\u00f4le est d\u2019encourager et de mobiliser. Pour rester motiv\u00e9e, j\u2019ai travaill\u00e9 dans l\u2019\u00e9laboration d\u2019un livre intitul\u00e9 \u00abHope\u00bb. Il met en lumi\u00e8re les millions de personnes \u00e0 travers le monde qui font leur part. C\u2019est incroyablement inspirant pour moi, et c\u2019est ce qui me pousse \u00e0 continuer.<\/p>\n<blockquote>\n<p>Mon r\u00f4le est d\u2019encourager et de mobiliser<\/p>\n<\/blockquote>\n<p>Depuis 2021, Rolex soutient votre travail. A quoi ressemble ce partenariat?<\/p>\n<p><strong>C. M.:<\/strong> C\u2019est plus une relation qu\u2019un simple soutien. L\u2019Initiative \u00abPerpetual Planet\u00bb de Rolex (lire l\u2019encadr\u00e9) amplifie mon travail, me donnant une plus grande plateforme et une plus grande tribune. Leurs connexions avec les m\u00e9dias mondiaux ont \u00e9t\u00e9 inestimables pour m\u2019aider \u00e0 atteindre des publics qui, autrement, n\u2019auraient peut-\u00eatre pas consid\u00e9r\u00e9 l\u2019importance de la conservation des oc\u00e9ans. Rolex parle de durabilit\u00e9 depuis bien avant que ce soit \u00e0 la mode, ce qui correspond parfaitement \u00e0 mes valeurs.<\/p>\n<p>  <a class=\"glightbox\" href=\"https:\/\/www.letemps.ch\/placeholder.png\" data-type=\"image\" data-description=\"Deux nudibranches se reposent sur le corail sous les eaux des \u00eeles Raja Ampat, un archipel indon\u00e9sien. \u2014 \u00a9 Cristina Mittermeier\" data- rel=\"nofollow noopener\" target=\"_blank\"><\/p>\n<p>      <img decoding=\"async\" class=\"lazy\" title=\"Deux nudibranches se reposent sur le corail sous les eaux des \u00eeles Raja Ampat, un archipel indon\u00e9sien. \u2014 \u00a9 Cristina Mittermeier\" alt=\"Deux nudibranches se reposent sur le corail sous les eaux des \u00eeles Raja Ampat, un archipel indon\u00e9sien. \u2014 \u00a9 Cristina Mittermeier\" src=\"https:\/\/www.europesays.com\/fr\/wp-content\/uploads\/2025\/06\/1748927241_74_large.jpeg\"\/><\/p>\n<p>  <\/a><br \/>\n  Deux nudibranches se reposent sur le corail sous les eaux des \u00eeles Raja Ampat, un archipel indon\u00e9sien. \u2014 \u00a9 Cristina Mittermeier<\/p>\n<p>Comment l&rsquo;Initiative \u00abPerpetual Planet\u00bb vous inspire-t-elle?<\/p>\n<p><strong>C. M.:<\/strong> Cette initiative c\u00e9l\u00e8bre des individus qui font la diff\u00e9rence et qui sont de grandes sources d\u2019inspiration. Faire partie de cette d\u00e9marche me donne acc\u00e8s \u00e0 un public plus large pour partager mon message.<\/p>\n<p>Vous avez commenc\u00e9 professionnellement en tant que biologiste marine. Quels \u00e9taient alors vos mod\u00e8les au d\u00e9but de votre carri\u00e8re?<\/p>\n<p><strong>C. M.:<\/strong> Pendant mes \u00e9tudes au Mexique, j\u2019ai eu du mal \u00e0 trouver des mod\u00e8les f\u00e9minins. J\u2019ai d\u00e9couvert le Dr Sylvia Earle (Ndlr: T\u00e9moignage Rolex depuis 1982), \u00e9galement biologiste marine, \u00e0 travers ses articles scientifiques, et la rencontrer \u00e9tait comme rencontrer une l\u00e9gende. Sylvia est l\u2019une des personnes qui ont plong\u00e9 le plus profond\u00e9ment dans l\u2019oc\u00e9an. Elle d\u00e9tient l\u2019un des records. Elle m\u2019a inspir\u00e9 quand j\u2019\u00e9tais plus jeune, et m\u2019a permis de r\u00e9aliser que les oc\u00e9ans repr\u00e9sentent l\u2019\u00e9cosyst\u00e8me le plus grand et le plus important de notre plan\u00e8te. Nous en savons tr\u00e8s peu sur lui, or il nous maintient en vie et nous sommes en train de le d\u00e9truire avant m\u00eame de le comprendre. Plus les gens seront nombreux \u00e0 s\u2019y int\u00e9resser, mieux ce sera. En cela, \u00abPerpetual Planet\u00bb me permet d\u2019avoir une plus grande audience pour partager ce message.<\/p>\n<p>Le Forum \u00e9conomique mondial (WEF) de Davos vous a invit\u00e9e en janvier dernier, dans le cadre d\u2019une exposition bas\u00e9e sur les images de votre dernier livre, \u00abHope\u00bb. Celui-ci d\u00e9crit la beaut\u00e9 fragile de la biodiversit\u00e9 de la Terre et tente de transmettre la sagesse des peuples autochtones qui tentent de la sauver\u2026<\/p>\n<p><strong>C. M.:<\/strong> Gr\u00e2ce \u00e0 mon exposition au WEF, j\u2019ai pu participer \u00e0 une conf\u00e9rence. Je voulais y faire entendre la voix des peuples indig\u00e8nes parce que j\u2019ai pass\u00e9 beaucoup de temps \u00e0 les photographier dans le monde entier. Ils ont un syst\u00e8me de valeurs qui a garanti la durabilit\u00e9 de notre plan\u00e8te pendant des mill\u00e9naires. On ne peut pas construire une \u00e9conomie mondiale qui soit d\u00e9connect\u00e9e des ressources plan\u00e9taires disponibles. Cette id\u00e9e qu\u2019elle doit cro\u00eetre tout le temps \u00e0 tout prix n\u2019existe pas dans la nature, o\u00f9 tout est circulaire.<\/p>\n<p>  <a class=\"glightbox\" href=\"https:\/\/www.letemps.ch\/placeholder.png\" data-type=\"image\" data-description=\"Cristina Mittermeier a entrepris plus de 45 exp\u00e9ditions \u00e0 travers la plan\u00e8te, notamment aux Bahamas, l&#039;un des seuls pays au monde \u00e0 avoir d\u00e9clar\u00e9 l&#039;ensemble de son habitat marin sanctuaire pour les requins. \u2014 \u00a9 Cristina Mittermeier\" data- rel=\"nofollow noopener\" target=\"_blank\"><\/p>\n<p>      <img decoding=\"async\" class=\"lazy\" title=\"Cristina Mittermeier a entrepris plus de 45 exp\u00e9ditions \u00e0 travers la plan\u00e8te, notamment aux Bahamas, l'un des seuls pays au monde \u00e0 avoir d\u00e9clar\u00e9 l'ensemble de son habitat marin sanctuaire pour les requins. \u2014 \u00a9 Cristina Mittermeier\" alt=\"Cristina Mittermeier a entrepris plus de 45 exp\u00e9ditions \u00e0 travers la plan\u00e8te, notamment aux Bahamas, l'un des seuls pays au monde \u00e0 avoir d\u00e9clar\u00e9 l'ensemble de son habitat marin sanctuaire pour les requins. \u2014 \u00a9 Cristina Mittermeier\" src=\"https:\/\/www.europesays.com\/fr\/wp-content\/uploads\/2025\/06\/1748927244_210_large.jpeg\"\/><\/p>\n<p>  <\/a><br \/>\n  Cristina Mittermeier a entrepris plus de 45 exp\u00e9ditions \u00e0 travers la plan\u00e8te, notamment aux Bahamas, l&rsquo;un des seuls pays au monde \u00e0 avoir d\u00e9clar\u00e9 l&rsquo;ensemble de son habitat marin sanctuaire pour les requins. \u2014 \u00a9 Cristina Mittermeier<\/p>\n<p><strong>Des partenariats pour la conservation<\/strong><\/p>\n<p>En 2019, l\u2019entreprise Rolex a lanc\u00e9 l\u2019Initiative \u00abPerpetual Planet\u00bb, affirmant ainsi son engagement dans les efforts de protection de la nature. Cette d\u00e9marche se traduit par un soutien actif apport\u00e9 \u00e0 des explorateurs et des scientifiques du monde entier, dont les travaux visent \u00e0 mieux comprendre les d\u00e9fis environnementaux et \u00e0 y apporter des solutions concr\u00e8tes. Rolex finance \u00e9galement des projets de conservation essentiels, qu\u2019il s\u2019agisse de la pr\u00e9servation des oc\u00e9ans, de la protection des \u00e9cosyst\u00e8mes terrestres ou de la sauvegarde des for\u00eats.<\/p>\n<p>L\u2019Initiative \u00abPerpetual Planet\u00bb s\u2019articule autour de partenariats strat\u00e9giques avec des organisations environnementales de premier plan afin de maximiser l\u2019impact des actions men\u00e9es pour promouvoir des pratiques respectueuses de l\u2019environnement.<\/p>\n","protected":false},"excerpt":{"rendered":"La plus grande joie pour moi a \u00e9t\u00e9 d\u2019\u00eatre pionni\u00e8re dans une discipline appel\u00e9e \u00abphotographie de conservation\u00bb. C\u2019est&hellip;\n","protected":false},"author":2,"featured_media":148115,"comment_status":"","ping_status":"","sticky":false,"template":"","format":"standard","meta":{"footnotes":""},"categories":[1358],"tags":[1348,1384,1385,1386,58,59,1011,27,4438],"class_list":{"0":"post-148114","1":"post","2":"type-post","3":"status-publish","4":"format-standard","5":"has-post-thumbnail","7":"category-arts-et-design","8":"tag-arts","9":"tag-arts-and-design","10":"tag-arts-et-design","11":"tag-design","12":"tag-divertissement","13":"tag-entertainment","14":"tag-fr","15":"tag-france","16":"tag-free"},"share_on_mastodon":{"url":"https:\/\/pubeurope.com\/@fr\/114617702744611882","error":""},"_links":{"self":[{"href":"https:\/\/www.europesays.com\/fr\/wp-json\/wp\/v2\/posts\/148114","targetHints":{"allow":["GET"]}}],"collection":[{"href":"https:\/\/www.europesays.com\/fr\/wp-json\/wp\/v2\/posts"}],"about":[{"href":"https:\/\/www.europesays.com\/fr\/wp-json\/wp\/v2\/types\/post"}],"author":[{"embeddable":true,"href":"https:\/\/www.europesays.com\/fr\/wp-json\/wp\/v2\/users\/2"}],"replies":[{"embeddable":true,"href":"https:\/\/www.europesays.com\/fr\/wp-json\/wp\/v2\/comments?post=148114"}],"version-history":[{"count":0,"href":"https:\/\/www.europesays.com\/fr\/wp-json\/wp\/v2\/posts\/148114\/revisions"}],"wp:featuredmedia":[{"embeddable":true,"href":"https:\/\/www.europesays.com\/fr\/wp-json\/wp\/v2\/media\/148115"}],"wp:attachment":[{"href":"https:\/\/www.europesays.com\/fr\/wp-json\/wp\/v2\/media?parent=148114"}],"wp:term":[{"taxonomy":"category","embeddable":true,"href":"https:\/\/www.europesays.com\/fr\/wp-json\/wp\/v2\/categories?post=148114"},{"taxonomy":"post_tag","embeddable":true,"href":"https:\/\/www.europesays.com\/fr\/wp-json\/wp\/v2\/tags?post=148114"}],"curies":[{"name":"wp","href":"https:\/\/api.w.org\/{rel}","templated":true}]}}