{"id":148120,"date":"2025-06-03T05:10:10","date_gmt":"2025-06-03T05:10:10","guid":{"rendered":"https:\/\/www.europesays.com\/fr\/148120\/"},"modified":"2025-06-03T05:10:10","modified_gmt":"2025-06-03T05:10:10","slug":"cali-le-chanteur-saute-sur-une-fan-elle-est-transportee-aux-urgences","status":"publish","type":"post","link":"https:\/\/www.europesays.com\/fr\/148120\/","title":{"rendered":"Cali\u00a0: le chanteur saute sur une fan, elle est transport\u00e9e aux urgences"},"content":{"rendered":"<p>      R\u00e9sum\u00e9<\/p>\n<p>Cali a de l&rsquo;\u00e9nergie \u00e0 revendre mais&#8230; lorsqu&rsquo;il s&rsquo;agit de saluer une fan \u00e0 la clavicule cass\u00e9e, il a d\u00fb mal \u00e0 contenir sa joie entra\u00eenant la malheureuse aux urgences.<\/p>\n<p>        Sommaire<\/p>\n<p>Elle m&rsquo;a dit, Je m&rsquo;en vais ou encore C&rsquo;est quand le bonheur\u2026 Voici autant de <strong>tubes interpr\u00e9t\u00e9s par le chanteur Cali <\/strong>apr\u00e8s des ann\u00e9es de carri\u00e8re. \u00c0 56 ans, <a href=\"https:\/\/www.public.fr\/cali-evoque-son-alcoolisme-sa-depression-et-sa-tentative-de-suicide-cetait-a-cause-dune-fille\" target=\"_blank\" rel=\"noopener\">l&rsquo;artiste<\/a> a un CV impressionnant et sera sur la sc\u00e8ne de nombreux festivals ces prochains mois. En effet, vous pourrez notamment le retrouver le 5\u00a0juin prochain au <strong>Bacchus Festival<\/strong> \u00e0 Argel\u00e8s-sur-Mer dans les Pyr\u00e9n\u00e9es-Orientales avant qu&rsquo;il n&rsquo;arpente les routes de France jusqu&rsquo;\u00e0 la fin du mois d&rsquo;ao\u00fbt.<\/p>\n<p>Toutefois, derni\u00e8rement, <a href=\"https:\/\/www.public.fr\/cali-ouvert-et-en-sang-en-plein-show-cette-terrible-scene-a-laquelle-sa-fille-de-11-ans-a-assiste\" target=\"_blank\" rel=\"noopener\">ce dernier<\/a> a \u00e9t\u00e9 interrog\u00e9 <strong>dans le cadre du spectacle Les Aventuriers d&rsquo;un Autre Monde<\/strong> o\u00f9 se croisent divers artistes. C&rsquo;\u00e9tait le 29\u00a0mai dernier au Cirque Royal de Bruxelles. Pour l&rsquo;occasion, Cali a \u00e9t\u00e9 interrog\u00e9 par nos confr\u00e8res de T\u00e9l\u00e9 Pro dans le cadre de l&rsquo;\u00e9mission Censur\u00e9. \u00c0 cette occasion, <a href=\"https:\/\/www.public.fr\/je-lui-chie-a-la-gueule-lenorme-clash-entre-dave-et-christophe-hondelatte-laurent-baffie-et-cali-nen-reviennent-pas\" target=\"_blank\" rel=\"noopener\">le Perpignanais <\/a>s&rsquo;est confi\u00e9 sur <strong>toute l&rsquo;\u00e9nergie qui se d\u00e9gage<\/strong> quand il est entour\u00e9 de ses musiciens. \u00ab\u00a0<strong>Quand je suis avec les musiciens, je veux que ce soit une boum<\/strong>\u00ab\u00a0, a-t-il assur\u00e9.<\/p>\n<p>Malheureusement, \u00e7a ne se fait pas toujours sans mal. \u00ab\u00a0<strong>Je vieillis, je me suis cass\u00e9 les deux genoux, le tibia, les c\u00f4tes, la clavicule<\/strong>\u00ab\u00a0, d\u00e9voile <a href=\"https:\/\/www.public.fr\/videos\/exclu-video-cali-il-va-nous-en-mettre-plein-les-oreilles-avec-le-prix-talent-tout-9\" target=\"_blank\" rel=\"noopener\">le papa de quatre enfants<\/a> avant de r\u00e9v\u00e9ler cette m\u00e9saventure survenue en pr\u00e9sence d&rsquo;une fan qui n&rsquo;est pas pr\u00eate d&rsquo;oublier sa rencontre avec l&rsquo;artiste. Et pour cause, cette derni\u00e8re lui a demand\u00e9 de <strong>signer un autographe sur une radiographie.<\/strong> Mais, \u00ab\u00a0<strong>elle avait la clavicule cass\u00e9e<\/strong>\u00ab\u00a0, explique Cali. \u00ab\u00a0<strong>Je lui ai saut\u00e9 dessus et elle a fini aux urgences\u00a0\u00bb.<\/strong><\/p>\n<p>Cali\u00a0: ses retrouvailles avec sa maman d\u00e9c\u00e9d\u00e9e<\/p>\n<p>Au cours de cet entretien avec nos confr\u00e8res de T\u00e9l\u00e9 Pro, <a href=\"https:\/\/www.google.com\/url?sa=t&amp;source=web&amp;rct=j&amp;opi=89978449&amp;url=https:\/\/vsd.fr\/22195-video-gros-clash-en-direct-entre-cali-et-eric-zemmour\/&amp;ved=2ahUKEwi3wsHI2tKNAxVUaqQEHfoPKAAQFnoECCAQAQ&amp;usg=AOvVaw0kQuxZI2-FptOrUQ-dpzVA\" target=\"_blank\" rel=\"noopener\">le chanteur de 56 ans<\/a> a \u00e9galement \u00e9voqu\u00e9 sans filtre <strong>sa vie priv\u00e9e<\/strong> et, notamment, la <strong>perte tragique de sa maman Mireille<\/strong>. Celle-ci, directrice de l&rsquo;\u00e9cole de Vernet-les-Bains (Pyr\u00e9n\u00e9es-Orientales), est <strong>brutalement d\u00e9c\u00e9d\u00e9e \u00e0 33 ans <\/strong>des suites d&rsquo;un cancer. \u00ab\u00a0J\u2019ai perdu ma maman<strong> \u00e0 l\u2019\u00e2ge de 6 ans<\/strong>, et mon papa quand j\u2019avais une vingtaine d\u2019ann\u00e9es\u00a0\u00bb, d\u00e9voile-t-il. \u00ab\u00a0<strong>C\u2019est terrible de perdre une maman<\/strong>\u00ab\u00a0. <\/p>\n<p>Toutefois, cette derni\u00e8re est <strong>toujours pr\u00e9sente \u00e0 ses c\u00f4t\u00e9s<\/strong> assure <a href=\"https:\/\/www.google.com\/url?sa=t&amp;source=web&amp;rct=j&amp;opi=89978449&amp;url=https:\/\/www.public.fr\/cali-ouvert-et-en-sang-en-plein-show-cette-terrible-scene-a-laquelle-sa-fille-de-11-ans-a-assiste&amp;ved=2ahUKEwi3wsHI2tKNAxVUaqQEHfoPKAAQFnoECCUQAQ&amp;usg=AOvVaw0rFgXaceUSl1Eh5Gf-pyWm\" target=\"_blank\" rel=\"noopener\">le compositeur<\/a>\u00a0: \u00ab\u00a0Je lui parle tous les jours pour lui raconter les jours qu\u2019elle n\u2019a pas v\u00e9cu. Tous les jours, elle m\u2019embrasse ou me gronde. J\u2019ai besoin d\u2019un amour tr\u00e8s fort. Un jour,<strong> je l\u2019ai vue physiquement, \u00e0 l\u2019\u00e2ge de 20 ans.<\/strong> Je lisais un livre sur mon lit et <strong>j\u2019ai vu le visage de ma maman sur ma table de chevet<\/strong>, \u00e0 travers une lumi\u00e8re. J\u2019\u00e9tais apais\u00e9 de la voir\u00a0\u00bb. Une rencontre qui lui a fait prendre conscience d&rsquo;une chose. Aujourd\u2019hui, \u00ab\u00a0<strong>je n\u2019ai pas peur de ma mort<\/strong>\u00ab\u00a0, assure Cali.<\/p>\n<p>      Mentionn\u00e9s dans cet article<\/p>\n<p>\u00c0 lire aussi<\/p>\n","protected":false},"excerpt":{"rendered":"R\u00e9sum\u00e9 Cali a de l&rsquo;\u00e9nergie \u00e0 revendre mais&#8230; lorsqu&rsquo;il s&rsquo;agit de saluer une fan \u00e0 la clavicule cass\u00e9e,&hellip;\n","protected":false},"author":2,"featured_media":148121,"comment_status":"","ping_status":"","sticky":false,"template":"","format":"standard","meta":{"footnotes":""},"categories":[1355],"tags":[27736,1695,5551,1696,58,59,3255,1011,27,100,1361,873,6444],"class_list":{"0":"post-148120","1":"post","2":"type-post","3":"status-publish","4":"format-standard","5":"has-post-thumbnail","7":"category-musique","8":"tag-cali","9":"tag-chanson","10":"tag-chanson-francaise","11":"tag-chanteur","12":"tag-divertissement","13":"tag-entertainment","14":"tag-fans","15":"tag-fr","16":"tag-france","17":"tag-hopital","18":"tag-music","19":"tag-musique","20":"tag-urgences"},"share_on_mastodon":{"url":"https:\/\/pubeurope.com\/@fr\/114617714223953045","error":""},"_links":{"self":[{"href":"https:\/\/www.europesays.com\/fr\/wp-json\/wp\/v2\/posts\/148120","targetHints":{"allow":["GET"]}}],"collection":[{"href":"https:\/\/www.europesays.com\/fr\/wp-json\/wp\/v2\/posts"}],"about":[{"href":"https:\/\/www.europesays.com\/fr\/wp-json\/wp\/v2\/types\/post"}],"author":[{"embeddable":true,"href":"https:\/\/www.europesays.com\/fr\/wp-json\/wp\/v2\/users\/2"}],"replies":[{"embeddable":true,"href":"https:\/\/www.europesays.com\/fr\/wp-json\/wp\/v2\/comments?post=148120"}],"version-history":[{"count":0,"href":"https:\/\/www.europesays.com\/fr\/wp-json\/wp\/v2\/posts\/148120\/revisions"}],"wp:featuredmedia":[{"embeddable":true,"href":"https:\/\/www.europesays.com\/fr\/wp-json\/wp\/v2\/media\/148121"}],"wp:attachment":[{"href":"https:\/\/www.europesays.com\/fr\/wp-json\/wp\/v2\/media?parent=148120"}],"wp:term":[{"taxonomy":"category","embeddable":true,"href":"https:\/\/www.europesays.com\/fr\/wp-json\/wp\/v2\/categories?post=148120"},{"taxonomy":"post_tag","embeddable":true,"href":"https:\/\/www.europesays.com\/fr\/wp-json\/wp\/v2\/tags?post=148120"}],"curies":[{"name":"wp","href":"https:\/\/api.w.org\/{rel}","templated":true}]}}