{"id":148126,"date":"2025-06-03T05:13:10","date_gmt":"2025-06-03T05:13:10","guid":{"rendered":"https:\/\/www.europesays.com\/fr\/148126\/"},"modified":"2025-06-03T05:13:10","modified_gmt":"2025-06-03T05:13:10","slug":"psg-la-sortie-explosive-de-jerome-rothen-sur-luis-enrique","status":"publish","type":"post","link":"https:\/\/www.europesays.com\/fr\/148126\/","title":{"rendered":"PSG, la sortie explosive de J\u00e9r\u00f4me Rothen sur Luis Enrique"},"content":{"rendered":"<p data-testid=\"article-teaser\">Ancien joueur du PSG, J\u00e9r\u00f4me Rothen a tenu des propos forts sur Luis Enrique, lundi.<\/p>\n<p>Le Paris Saint-Germain vient de franchir un cap historique en remportant enfin la Ligue des champions. Si les f\u00e9licitations pleuvent de toutes parts, certaines r\u00e9actions marquent davantage les esprits. L\u2019une d\u2019elles, sign\u00e9e J\u00e9r\u00f4me Rothen, ancien joueur du club et aujourd\u2019hui consultant vedette, a suscit\u00e9 un v\u00e9ritable buzz m\u00e9diatique. Dans son \u00e9mission sur RMC, Rothen n\u2019a pas m\u00e2ch\u00e9 ses mots pour d\u00e9crire l\u2019impact de Luis Enrique \u00e0 Paris. Un hommage inattendu, enflamm\u00e9, voire\u2026 monumental.<\/p>\n<p>L&rsquo;article continue ci-dessous<\/p>\n","protected":false},"excerpt":{"rendered":"Ancien joueur du PSG, J\u00e9r\u00f4me Rothen a tenu des propos forts sur Luis Enrique, lundi. Le Paris Saint-Germain&hellip;\n","protected":false},"author":2,"featured_media":148127,"comment_status":"","ping_status":"","sticky":false,"template":"","format":"standard","meta":{"footnotes":""},"categories":[9],"tags":[1011,27,447,921,91,60],"class_list":{"0":"post-148126","1":"post","2":"type-post","3":"status-publish","4":"format-standard","5":"has-post-thumbnail","7":"category-sports","8":"tag-fr","9":"tag-france","10":"tag-ligue-des-champions","11":"tag-luis-enrique","12":"tag-paris-saint-germain","13":"tag-sports"},"share_on_mastodon":{"url":"https:\/\/pubeurope.com\/@fr\/114617725996348919","error":""},"_links":{"self":[{"href":"https:\/\/www.europesays.com\/fr\/wp-json\/wp\/v2\/posts\/148126","targetHints":{"allow":["GET"]}}],"collection":[{"href":"https:\/\/www.europesays.com\/fr\/wp-json\/wp\/v2\/posts"}],"about":[{"href":"https:\/\/www.europesays.com\/fr\/wp-json\/wp\/v2\/types\/post"}],"author":[{"embeddable":true,"href":"https:\/\/www.europesays.com\/fr\/wp-json\/wp\/v2\/users\/2"}],"replies":[{"embeddable":true,"href":"https:\/\/www.europesays.com\/fr\/wp-json\/wp\/v2\/comments?post=148126"}],"version-history":[{"count":0,"href":"https:\/\/www.europesays.com\/fr\/wp-json\/wp\/v2\/posts\/148126\/revisions"}],"wp:featuredmedia":[{"embeddable":true,"href":"https:\/\/www.europesays.com\/fr\/wp-json\/wp\/v2\/media\/148127"}],"wp:attachment":[{"href":"https:\/\/www.europesays.com\/fr\/wp-json\/wp\/v2\/media?parent=148126"}],"wp:term":[{"taxonomy":"category","embeddable":true,"href":"https:\/\/www.europesays.com\/fr\/wp-json\/wp\/v2\/categories?post=148126"},{"taxonomy":"post_tag","embeddable":true,"href":"https:\/\/www.europesays.com\/fr\/wp-json\/wp\/v2\/tags?post=148126"}],"curies":[{"name":"wp","href":"https:\/\/api.w.org\/{rel}","templated":true}]}}