{"id":148128,"date":"2025-06-03T05:14:11","date_gmt":"2025-06-03T05:14:11","guid":{"rendered":"https:\/\/www.europesays.com\/fr\/148128\/"},"modified":"2025-06-03T05:14:11","modified_gmt":"2025-06-03T05:14:11","slug":"quinte-olympic-flambee-la-base-solide-du-quinte-de-ce-mardi-3-juin","status":"publish","type":"post","link":"https:\/\/www.europesays.com\/fr\/148128\/","title":{"rendered":"Quint\u00e9+: Olympic Flamb\u00e9e, la base solide du Quint\u00e9+ de ce mardi 3 juin"},"content":{"rendered":"<p><strong>Son profil<\/strong><\/p>\n<p style=\"text-align: justify;\">Apr\u00e8s un d\u00e9but de carri\u00e8re mitig\u00e9, ce pensionnaire de <b>Mikel Delzangles\u00a0<\/b>a\u00a0d\u00e9sormais trouv\u00e9 sa voie dans les handicaps. Assur\u00e9ment comp\u00e9titif en valeur 31 et transform\u00e9 en \u00e9tant muni d&rsquo;\u0153ill\u00e8res australiennes, il\u00a0tourne autour du pot dans cette cat\u00e9gorie et ralliera de nombreux suffrages, en d\u00e9pit de la corde 14\u00a0dans les stalles de d\u00e9part.\u00a0<\/p>\n<p>\u00a0<strong>Sa derni\u00e8re course<\/strong><\/p>\n<p>13 mai 2025 &#8211; Saint-Cloud &#8211;\u00a0Prix des Narcisses &#8211; handicap &#8211; 2.000\u00a0m\u00e8tres\u00a0<\/p>\n<p style=\"text-align: justify;\">Ce hongre de 4 ans\u00a0vient de tr\u00e8s bien se comporter pour sa premi\u00e8re apparition sur cet hippodrome (4\u00e8me). Attentiste dans le dernier tiers du peloton, il a fort\u00a0bien termin\u00e9, tout en dehors, \u00e9chouant de peu pour un meilleur classement. Jug\u00e9 sur cette performance, il devrait de appr\u00e9cier le\u00a0rallongement de la distance.\u00a0<\/p>\n<p>\u00a0<\/p>\n<p><strong>Ses statistiques<\/strong><\/p>\n<p><strong>Ses statistiques avec les \u0153ill\u00e8res australiennes\u00a0: 3\u00a0courses &#8211; 2\u00a0places &#8211; 100% dans les 4<\/strong><\/p>\n<p style=\"text-align: justify;\">Muni des \u00ab\u00a0peaux de mouton\u00a0\u00bb lors de ses trois plus r\u00e9centes sorties, ce fils d&rsquo;<strong>Oympic Glory<\/strong>\u00a0n&rsquo;est jamais sorti des quatre premiers.\u00a0<\/p>\n<p>\u00a0<\/p>\n<p><strong>L&rsquo;avis de son entra\u00eeneur, Mikel Delzangles<\/strong><\/p>\n<p style=\"text-align: justify;\">\u00ab\u00a0<strong><a href=\"https:\/\/www.equidia.fr\/chevaux\/olympic-flambee\" target=\"_blank\" rel=\"noopener\">Olympic Flamb\u00e9e<\/a> <\/strong>(13) reste sur deux bonnes performances dans cette cat\u00e9gorie. Il a trouv\u00e9 sa voie \u00e0 ce niveau et me montre qu&rsquo;il peut \u00eatre rallong\u00e9 avec succ\u00e8s. Son num\u00e9ro dans les stalles n&rsquo;est pas id\u00e9al, mais il a des atouts.\u00a0\u00bb<\/p>\n<p><strong>Cote probable : 6\/1<\/strong><strong>La note Equidia : 16\/20<\/strong><\/p>\n<p><img decoding=\"async\" src=\"https:\/\/www.europesays.com\/fr\/wp-content\/uploads\/2025\/06\/note13_digitalv210_00-jpg-3\"\/><\/p>\n","protected":false},"excerpt":{"rendered":"Son profil Apr\u00e8s un d\u00e9but de carri\u00e8re mitig\u00e9, ce pensionnaire de Mikel Delzangles\u00a0a\u00a0d\u00e9sormais trouv\u00e9 sa voie dans les&hellip;\n","protected":false},"author":2,"featured_media":148129,"comment_status":"","ping_status":"","sticky":false,"template":"","format":"standard","meta":{"footnotes":""},"categories":[8],"tags":[58,59,1011,27,25851,3016,2623],"class_list":{"0":"post-148128","1":"post","2":"type-post","3":"status-publish","4":"format-standard","5":"has-post-thumbnail","7":"category-divertissement","8":"tag-divertissement","9":"tag-entertainment","10":"tag-fr","11":"tag-france","12":"tag-la-base-solide","13":"tag-plat","14":"tag-quinte"},"share_on_mastodon":{"url":"https:\/\/pubeurope.com\/@fr\/114617730002325838","error":""},"_links":{"self":[{"href":"https:\/\/www.europesays.com\/fr\/wp-json\/wp\/v2\/posts\/148128","targetHints":{"allow":["GET"]}}],"collection":[{"href":"https:\/\/www.europesays.com\/fr\/wp-json\/wp\/v2\/posts"}],"about":[{"href":"https:\/\/www.europesays.com\/fr\/wp-json\/wp\/v2\/types\/post"}],"author":[{"embeddable":true,"href":"https:\/\/www.europesays.com\/fr\/wp-json\/wp\/v2\/users\/2"}],"replies":[{"embeddable":true,"href":"https:\/\/www.europesays.com\/fr\/wp-json\/wp\/v2\/comments?post=148128"}],"version-history":[{"count":0,"href":"https:\/\/www.europesays.com\/fr\/wp-json\/wp\/v2\/posts\/148128\/revisions"}],"wp:featuredmedia":[{"embeddable":true,"href":"https:\/\/www.europesays.com\/fr\/wp-json\/wp\/v2\/media\/148129"}],"wp:attachment":[{"href":"https:\/\/www.europesays.com\/fr\/wp-json\/wp\/v2\/media?parent=148128"}],"wp:term":[{"taxonomy":"category","embeddable":true,"href":"https:\/\/www.europesays.com\/fr\/wp-json\/wp\/v2\/categories?post=148128"},{"taxonomy":"post_tag","embeddable":true,"href":"https:\/\/www.europesays.com\/fr\/wp-json\/wp\/v2\/tags?post=148128"}],"curies":[{"name":"wp","href":"https:\/\/api.w.org\/{rel}","templated":true}]}}