{"id":148140,"date":"2025-06-03T05:20:09","date_gmt":"2025-06-03T05:20:09","guid":{"rendered":"https:\/\/www.europesays.com\/fr\/148140\/"},"modified":"2025-06-03T05:20:09","modified_gmt":"2025-06-03T05:20:09","slug":"une-enfant-de-2-ans-retrouvee-seule-dans-la-rue-la-police-alerte","status":"publish","type":"post","link":"https:\/\/www.europesays.com\/fr\/148140\/","title":{"rendered":"une enfant de 2 ans retrouv\u00e9e seule dans la rue, la police alerte"},"content":{"rendered":"<p>            Par<br \/>\n        <strong><br \/>\n            <a href=\"https:\/\/actu.fr\/auteur\/redaction-saint-etienne\" title=\"Consulter tous les articles de R\u00e9daction Saint-\u00c9tienne\" rel=\"nofollow noopener\" target=\"_blank\">R\u00e9daction Saint-\u00c9tienne<\/a><br \/>\n        <\/strong><\/p>\n<p>        Publi\u00e9 le<\/p>\n<p>            3 juin 2025 \u00e0 6h10        <\/p>\n<p>La sc\u00e8ne racont\u00e9e par la police municipale de <a href=\"https:\/\/actu.fr\/auvergne-rhone-alpes\/firminy_42095\" rel=\"nofollow noopener\" target=\"_blank\">Firminy<\/a> (Loire) sur ses r\u00e9seaux sociaux aurait pu \u00eatre dramatique.<\/p>\n<p class=\" wall-content\">Le mercredi 28 mai 2025, les policiers appelous sont intervenus pour retrouver les parents d\u2019une fillette \u00e2g\u00e9e de 2 ans. L\u2019enfant a \u00e9t\u00e9 d\u00e9couverte seule par une patrouille sur la voie publique au niveau du boulevard Fayol.<\/p>\n<p>L\u2019enfant remis \u00e0 sa famille<\/p>\n<p class=\" wall-content\">Fort heureusement, \u00ab\u00a0l\u2019enfant a \u00e9t\u00e9 prise en charge rapidement (gr\u00e2ce au centre de Supervision Urbain et la coop\u00e9ration du Commissariat de police nationale) et remise \u00e0 sa famille en parfaite s\u00e9curit\u00e9\u00a0\u00bb.<\/p>\n<p class=\" wall-content\">Aucune plainte ou main courante n\u2019auraient \u00e9t\u00e9 d\u00e9pos\u00e9es, nous informe une source polici\u00e8re.\u00a0<\/p>\n<p>\u00ab\u00a0Ne laissez jamais un enfant de moins de 7 ans sans surveillance\u00a0\u00bb<\/p>\n<p class=\" wall-content\">On ignore comment cette enfant en bas \u00e2ge a pu se retrouver, seule, dans la rue. La ville de Firminy rappelle l\u2019importance de la pr\u00e9vention des risques domestiques, en donnant quelques conseils :<\/p>\n<p>Vid\u00e9os : en ce moment sur Actu<\/p>\n<ul class=\" wall-content\">\n<li>Installez des verrous de s\u00e9curit\u00e9 enfants en hauteur<\/li>\n<li>Rangez les cl\u00e9s hors de port\u00e9e des tout-petits<\/li>\n<li>Ne laissez jamais un enfant de moins de 7 ans sans surveillance<\/li>\n<li>Sensibilisez vos enfants aux dangers de la rue<\/li>\n<\/ul>\n<p class=\" wall-content\">\u00ab\u00a0Ce type de situation peut malheureusement arriver \u00e0 tout le monde \u2013 un moment d\u2019inattention, une porte mal ferm\u00e9e, et nos tout-petits peuvent s\u2019\u00e9chapper tr\u00e8s rapidement\u00a0\u00bb, rappelle la municipalit\u00e9.<\/p>\n<p class=\" wall-content\">Suivez toute l\u2019actualit\u00e9 de vos villes et m\u00e9dias favoris en vous inscrivant \u00e0 <a href=\"https:\/\/moncompte.actu.fr\" title=\"D\u00e9couvez Mon Actu\" rel=\"nofollow noopener\" data-trk=\"{&quot;cta&quot;:{&quot;action&quot;:&quot;https:\\\/\\\/moncompte.actu.fr&quot;,&quot;category&quot;:&quot;mon compte&quot;,&quot;from&quot;:&quot;article footer&quot;,&quot;name&quot;:&quot;Mon actu&quot;,&quot;type&quot;:&quot;cta&quot;}}\" target=\"_blank\">Mon Actu<\/a>.<\/p>\n","protected":false},"excerpt":{"rendered":"Par R\u00e9daction Saint-\u00c9tienne Publi\u00e9 le 3 juin 2025 \u00e0 6h10 La sc\u00e8ne racont\u00e9e par la police municipale de&hellip;\n","protected":false},"author":2,"featured_media":148141,"comment_status":"","ping_status":"","sticky":false,"template":"","format":"standard","meta":{"footnotes":""},"categories":[9653],"tags":[1111,11,2430,1719,1777,674,118,1011,27,12,1072,25,4001],"class_list":{"0":"post-148140","1":"post","2":"type-post","3":"status-publish","4":"format-standard","5":"has-post-thumbnail","7":"category-saint-etienne","8":"tag-actu","9":"tag-actualites","10":"tag-auvergne-rhone-alpes","11":"tag-enfants","12":"tag-eu","13":"tag-europe","14":"tag-faits-divers","15":"tag-fr","16":"tag-france","17":"tag-news","18":"tag-police","19":"tag-republique-francaise","20":"tag-saint-etienne"},"share_on_mastodon":{"url":"https:\/\/pubeurope.com\/@fr\/114617753518361540","error":""},"_links":{"self":[{"href":"https:\/\/www.europesays.com\/fr\/wp-json\/wp\/v2\/posts\/148140","targetHints":{"allow":["GET"]}}],"collection":[{"href":"https:\/\/www.europesays.com\/fr\/wp-json\/wp\/v2\/posts"}],"about":[{"href":"https:\/\/www.europesays.com\/fr\/wp-json\/wp\/v2\/types\/post"}],"author":[{"embeddable":true,"href":"https:\/\/www.europesays.com\/fr\/wp-json\/wp\/v2\/users\/2"}],"replies":[{"embeddable":true,"href":"https:\/\/www.europesays.com\/fr\/wp-json\/wp\/v2\/comments?post=148140"}],"version-history":[{"count":0,"href":"https:\/\/www.europesays.com\/fr\/wp-json\/wp\/v2\/posts\/148140\/revisions"}],"wp:featuredmedia":[{"embeddable":true,"href":"https:\/\/www.europesays.com\/fr\/wp-json\/wp\/v2\/media\/148141"}],"wp:attachment":[{"href":"https:\/\/www.europesays.com\/fr\/wp-json\/wp\/v2\/media?parent=148140"}],"wp:term":[{"taxonomy":"category","embeddable":true,"href":"https:\/\/www.europesays.com\/fr\/wp-json\/wp\/v2\/categories?post=148140"},{"taxonomy":"post_tag","embeddable":true,"href":"https:\/\/www.europesays.com\/fr\/wp-json\/wp\/v2\/tags?post=148140"}],"curies":[{"name":"wp","href":"https:\/\/api.w.org\/{rel}","templated":true}]}}