{"id":148144,"date":"2025-06-03T05:22:12","date_gmt":"2025-06-03T05:22:12","guid":{"rendered":"https:\/\/www.europesays.com\/fr\/148144\/"},"modified":"2025-06-03T05:22:12","modified_gmt":"2025-06-03T05:22:12","slug":"le-savez-vous-du-jour-savez-vous-quelle-demande-tres-insolite-a-ete-faite-a-loffice-de-tourisme-de-nancy","status":"publish","type":"post","link":"https:\/\/www.europesays.com\/fr\/148144\/","title":{"rendered":"Le \u00ab\u00a0savez-vous\u00a0\u00bb du jour. Savez-vous quelle demande tr\u00e8s insolite a \u00e9t\u00e9 faite \u00e0 l\u2019Office de tourisme de Nancy\u00a0?"},"content":{"rendered":"<p>L\u2019office de tourisme, <a href=\"https:\/\/www.estrepublicain.fr\/p\/place-stanislas\" target=\"_blank\" rel=\"noopener\">place Stanislas<\/a>, constitue l\u2019\u00e9tape incontournable des visiteurs en qu\u00eate d\u2019infos sur la ville. Ils y sont accueillis et renseign\u00e9s par des agents jamais avares de bons conseils et bons plans\u2026 \u00c0 condition, \u00e9videmment, que les demandes restent dans le champ de comp\u00e9tence de ces derniers\u2026 Ce qui n\u2019est pas toujours le cas. Tant s\u2019en faut.<\/p>\n<p><a href=\"https:\/\/www.estrepublicain.fr\/culture-loisirs\/2024\/08\/05\/office-du-tourisme-de-nancy-des-demandes-tres-insolites\" target=\"_blank\" rel=\"noopener\">Au panth\u00e9on des requ\u00eates loufoques<\/a> rest\u00e9es sans r\u00e9ponse, notons celle de ce voyageur d\u00e9sireux de s\u2019envoler vers les USA venu prier les agents d\u2019organiser son s\u00e9jour.\u00a0Cette autre qui voulait conna\u00eetre la date des prochaines obs\u00e8ques c\u00e9l\u00e9br\u00e9es \u00e0 Notre-Dame-de-Bonsecours, histoire de pouvoir d\u00e9couvrir l\u2019\u00e9difice pendant cet office\u2026<\/p>\n<p>Ou encore celle-ci\u00a0: \u00ab\u00a0Pouvez-vous tuer les pigeons de la place, ils salissent les b\u00e2timents.\u00a0\u00bb Plus r\u00e9current encore, les employ\u00e9s sont r\u00e9guli\u00e8rement interrog\u00e9s sur le prix des chambres de\u2026 l\u2019h\u00f4tel de ville\u00a0! Ben oui, pas \u00e9vident pour un \u00e9tranger d\u2019appr\u00e9hender la subtilit\u00e9 de la langue qui veut qu\u2019un h\u00f4tel de ville soit, en fran\u00e7ais, une mairie\u2026 Marrant aussi cette confusion qui am\u00e8ne les touristes \u00e0 se documenter sur la \u00ab\u00a0Villa Majorette\u00a0\u00bb.<\/p>\n<p>Mais la palme de la sollicitation la plus farfelue revient \u00e0 ce touriste venu chercher \u00e0 l\u2019office la liste des clubs \u00e9changistes du secteur\u2026 Sans doute une fa\u00e7on moins convenue pour lui de d\u00e9couvrir la ville et son patrimoine\u2026<\/p>\n","protected":false},"excerpt":{"rendered":"L\u2019office de tourisme, place Stanislas, constitue l\u2019\u00e9tape incontournable des visiteurs en qu\u00eate d\u2019infos sur la ville. Ils y&hellip;\n","protected":false},"author":2,"featured_media":148145,"comment_status":"","ping_status":"","sticky":false,"template":"","format":"standard","meta":{"footnotes":""},"categories":[9635],"tags":[1111,11,1687,1704,1777,674,1011,27,775,1702,1703,12,2661,25],"class_list":{"0":"post-148144","1":"post","2":"type-post","3":"status-publish","4":"format-standard","5":"has-post-thumbnail","7":"category-nancy","8":"tag-actu","9":"tag-actualites","10":"tag-culture-loisirs","11":"tag-edition-nancy-et-agglomeration","12":"tag-eu","13":"tag-europe","14":"tag-fr","15":"tag-france","16":"tag-grand-est","17":"tag-nancy","18":"tag-nancy-ville-54b","19":"tag-news","20":"tag-patrimoine-culturel","21":"tag-republique-francaise"},"share_on_mastodon":{"url":"https:\/\/pubeurope.com\/@fr\/114617761348460893","error":""},"_links":{"self":[{"href":"https:\/\/www.europesays.com\/fr\/wp-json\/wp\/v2\/posts\/148144","targetHints":{"allow":["GET"]}}],"collection":[{"href":"https:\/\/www.europesays.com\/fr\/wp-json\/wp\/v2\/posts"}],"about":[{"href":"https:\/\/www.europesays.com\/fr\/wp-json\/wp\/v2\/types\/post"}],"author":[{"embeddable":true,"href":"https:\/\/www.europesays.com\/fr\/wp-json\/wp\/v2\/users\/2"}],"replies":[{"embeddable":true,"href":"https:\/\/www.europesays.com\/fr\/wp-json\/wp\/v2\/comments?post=148144"}],"version-history":[{"count":0,"href":"https:\/\/www.europesays.com\/fr\/wp-json\/wp\/v2\/posts\/148144\/revisions"}],"wp:featuredmedia":[{"embeddable":true,"href":"https:\/\/www.europesays.com\/fr\/wp-json\/wp\/v2\/media\/148145"}],"wp:attachment":[{"href":"https:\/\/www.europesays.com\/fr\/wp-json\/wp\/v2\/media?parent=148144"}],"wp:term":[{"taxonomy":"category","embeddable":true,"href":"https:\/\/www.europesays.com\/fr\/wp-json\/wp\/v2\/categories?post=148144"},{"taxonomy":"post_tag","embeddable":true,"href":"https:\/\/www.europesays.com\/fr\/wp-json\/wp\/v2\/tags?post=148144"}],"curies":[{"name":"wp","href":"https:\/\/api.w.org\/{rel}","templated":true}]}}