{"id":148165,"date":"2025-06-03T05:38:13","date_gmt":"2025-06-03T05:38:13","guid":{"rendered":"https:\/\/www.europesays.com\/fr\/148165\/"},"modified":"2025-06-03T05:38:13","modified_gmt":"2025-06-03T05:38:13","slug":"un-detenu-de-26-ans-retrouve-pendu-dans-sa-cellule-ce-que-lon-sait","status":"publish","type":"post","link":"https:\/\/www.europesays.com\/fr\/148165\/","title":{"rendered":"un d\u00e9tenu de 26 ans retrouv\u00e9 pendu dans sa cellule, ce que l&rsquo;on sait"},"content":{"rendered":"<p>            Par<br \/>\n        <strong><br \/>\n            <a href=\"https:\/\/actu.fr\/auteur\/margot-fournie\" title=\"Consulter tous les articles de Margot Fournie\" target=\"_blank\" rel=\"noopener\">Margot Fournie<\/a><br \/>\n        <\/strong><\/p>\n<p>        Publi\u00e9 le<\/p>\n<p>            3 juin 2025 \u00e0 7h02        <\/p>\n<p>Samedi 31\u00a0mai, vers 20h30, un d\u00e9tenu \u00e2g\u00e9 de 26\u00a0ans a \u00e9t\u00e9 <strong>retrouv\u00e9 pendu<\/strong>, selon une <a href=\"https:\/\/c.dna.fr\/faits-divers-justice\/2025\/06\/02\/un-detenu-retrouve-pendu-a-la-maison-d-arret\" target=\"_blank\" rel=\"noopener\">information des DNA<\/a>, confirm\u00e9e par Actu Strasbourg.<\/p>\n<p class=\" wall-content\">Il se trouvait alors dans <strong>sa cellule<\/strong>, \u00e0 la <strong>maison d\u2019arr\u00eat<\/strong> de <a href=\"https:\/\/actu.fr\/strasbourg\/\" target=\"_blank\" rel=\"noopener\">Strasbourg<\/a>, a-t-on appris aupr\u00e8s de la procureure de la r\u00e9publique de Strasbourg, Clarisse Taron.<\/p>\n<p>Le d\u00e9tenu \u00e9tait en d\u00e9tention provisoire<\/p>\n<p class=\" wall-content\">Selon une source travaillant \u00e0 la prison, le d\u00e9funt a \u00e9t\u00e9 \u00ab\u2009incarc\u00e9r\u00e9 le 30\u00a0mai. Il devait passer en <strong>comparution imm\u00e9diate<\/strong> lundi. C\u2019\u00e9tait sa premi\u00e8re incarc\u00e9ration.\u2009\u00bb<\/p>\n<p class=\" wall-content\">C\u2019est <strong>son cod\u00e9tenu<\/strong> qui a essay\u00e9 d\u2019<strong>alerter les agents p\u00e9nitentiaires<\/strong> de la situation.<\/p>\n<p class=\" wall-content\">\u00ab\u2009Il a appel\u00e9 le <strong>poste de commandement et de s\u00e9curit\u00e9<\/strong> pour pr\u00e9venir qu\u2019il y avait un souci dans la cellule. Les rondiers sont venus et ont vu qu\u2019une personne \u00e9tait bien pendue <strong>au niveau du lit<\/strong>\u2009\u00bb, rapporte la m\u00eame source.<\/p>\n<p class=\" wall-content\">Dans la foul\u00e9e, \u00ab\u2009le responsable de nuit a \u00e9t\u00e9 appel\u00e9 pour r\u00e9cup\u00e9rer les clefs de la cellule. Quand les agents ont ouvert la cellule, ils ont constat\u00e9 que le jeune homme \u00e9tait bien d\u00e9c\u00e9d\u00e9.\u2009\u00bb<\/p>\n<p>Une enqu\u00eate a \u00e9t\u00e9 ouverte par le parquet<\/p>\n<p class=\" wall-content\">Pour en savoir plus sur les<strong> circonstances<\/strong> de sa mort, le parquet de Strasbourg a <strong>ouvert une enqu\u00eate<\/strong>.<\/p>\n<p class=\" wall-content\">Suivez toute l\u2019actualit\u00e9 de vos villes et m\u00e9dias favoris en vous inscrivant \u00e0 <a href=\"https:\/\/moncompte.actu.fr\" title=\"D\u00e9couvez Mon Actu\" rel=\"nofollow noopener\" data-trk=\"{&quot;cta&quot;:{&quot;action&quot;:&quot;https:\\\/\\\/moncompte.actu.fr&quot;,&quot;category&quot;:&quot;mon compte&quot;,&quot;from&quot;:&quot;article footer&quot;,&quot;name&quot;:&quot;Mon actu&quot;,&quot;type&quot;:&quot;cta&quot;}}\" target=\"_blank\">Mon Actu<\/a>.<\/p>\n","protected":false},"excerpt":{"rendered":"Par Margot Fournie Publi\u00e9 le 3 juin 2025 \u00e0 7h02 Samedi 31\u00a0mai, vers 20h30, un d\u00e9tenu \u00e2g\u00e9 de&hellip;\n","protected":false},"author":2,"featured_media":148166,"comment_status":"","ping_status":"","sticky":false,"template":"","format":"standard","meta":{"footnotes":""},"categories":[2820],"tags":[1111,11,1777,674,118,1011,27,775,12,899,25,640],"class_list":{"0":"post-148165","1":"post","2":"type-post","3":"status-publish","4":"format-standard","5":"has-post-thumbnail","7":"category-strasbourg","8":"tag-actu","9":"tag-actualites","10":"tag-eu","11":"tag-europe","12":"tag-faits-divers","13":"tag-fr","14":"tag-france","15":"tag-grand-est","16":"tag-news","17":"tag-prisons","18":"tag-republique-francaise","19":"tag-strasbourg"},"share_on_mastodon":{"url":"https:\/\/pubeurope.com\/@fr\/114617824264256367","error":""},"_links":{"self":[{"href":"https:\/\/www.europesays.com\/fr\/wp-json\/wp\/v2\/posts\/148165","targetHints":{"allow":["GET"]}}],"collection":[{"href":"https:\/\/www.europesays.com\/fr\/wp-json\/wp\/v2\/posts"}],"about":[{"href":"https:\/\/www.europesays.com\/fr\/wp-json\/wp\/v2\/types\/post"}],"author":[{"embeddable":true,"href":"https:\/\/www.europesays.com\/fr\/wp-json\/wp\/v2\/users\/2"}],"replies":[{"embeddable":true,"href":"https:\/\/www.europesays.com\/fr\/wp-json\/wp\/v2\/comments?post=148165"}],"version-history":[{"count":0,"href":"https:\/\/www.europesays.com\/fr\/wp-json\/wp\/v2\/posts\/148165\/revisions"}],"wp:featuredmedia":[{"embeddable":true,"href":"https:\/\/www.europesays.com\/fr\/wp-json\/wp\/v2\/media\/148166"}],"wp:attachment":[{"href":"https:\/\/www.europesays.com\/fr\/wp-json\/wp\/v2\/media?parent=148165"}],"wp:term":[{"taxonomy":"category","embeddable":true,"href":"https:\/\/www.europesays.com\/fr\/wp-json\/wp\/v2\/categories?post=148165"},{"taxonomy":"post_tag","embeddable":true,"href":"https:\/\/www.europesays.com\/fr\/wp-json\/wp\/v2\/tags?post=148165"}],"curies":[{"name":"wp","href":"https:\/\/api.w.org\/{rel}","templated":true}]}}