{"id":148169,"date":"2025-06-03T05:40:11","date_gmt":"2025-06-03T05:40:11","guid":{"rendered":"https:\/\/www.europesays.com\/fr\/148169\/"},"modified":"2025-06-03T05:40:11","modified_gmt":"2025-06-03T05:40:11","slug":"ce-president-climatosceptique-sera-bien-present","status":"publish","type":"post","link":"https:\/\/www.europesays.com\/fr\/148169\/","title":{"rendered":"ce pr\u00e9sident climatosceptique sera bien pr\u00e9sent"},"content":{"rendered":"<p>            Par<br \/>\n        <strong><br \/>\n            <a href=\"https:\/\/actu.fr\/auteur\/ugo-maillard\" title=\"Consulter tous les articles de Ugo Maillard\" rel=\"nofollow noopener\" target=\"_blank\">Ugo Maillard<\/a><br \/>\n        <\/strong><\/p>\n<p>        Publi\u00e9 le<\/p>\n<p>            3 juin 2025 \u00e0 7h18        <\/p>\n<p>C\u2019est officiel. <strong>Javier Milei<\/strong>, Pr\u00e9sident de l\u2019Argentine, sera pr\u00e9sent pour le <a href=\"https:\/\/actu.fr\/dossier\/sommet-des-oceans-a-nice-tout-ce-qu-il-faut-savoir-sur-la-conference-de-l-onu_62542007.html\" rel=\"nofollow noopener\" target=\"_blank\">sommet des Oc\u00e9ans de l\u2019ONU<\/a> qui se d\u00e9roulera du 9 au 13\u00a0juin 2025 \u00e0 <a href=\"https:\/\/actu.fr\/nice\/\" rel=\"nofollow noopener\" target=\"_blank\">Nice<\/a>.<\/p>\n<p class=\" wall-content\"><a href=\"https:\/\/actu.fr\/tag\/christian-estrosi\" rel=\"nofollow noopener\" target=\"_blank\">Christian Estrosi<\/a>, maire de Nice, a annonc\u00e9 la venue du chef d\u2019\u00c9tat, \u00e9lu en 2023 et devenu c\u00e9l\u00e8bre pour ses sorties anti-syst\u00e8me, anti-avortement ou climatosceptique. Un dernier point qui ne manque pas de soulever des interrogations quant \u00e0 sa pr\u00e9sence pour cette conf\u00e9rence pour la pr\u00e9servation des oc\u00e9ans.<\/p>\n<p class=\" wall-content\">L\u2019Argentin avait notamment \u00e9voqu\u00e9 la<strong> possibilit\u00e9 de sortir des accords de Paris<\/strong> sur le climat, \u00e9voquant \u00ab\u00a0une v\u00e9ritable fraude\u00a0\u00bb. Pour l\u2019heure, il n\u2019a pas retir\u00e9 son pays des accords, au contraire de son ami et mod\u00e8le, Donald Trump.<\/p>\n<p class=\" wall-content\">Il sera accompagn\u00e9 d\u2019une d\u00e9l\u00e9gation, \u00e0 l\u2019instar d\u2019environ 70 autres chefs d\u2019\u00c9tats. Les noms des invit\u00e9s seront r\u00e9v\u00e9l\u00e9s quelques jours avant le d\u00e9but du congr\u00e8s.<\/p>\n<p>Un sommet \u00ab\u2009puissance 10\u2009\u00bb<\/p>\n<p class=\" wall-content\">En ne r\u00e9v\u00e9lant aucun autre nom que celui du Pr\u00e9sident argentin, le maire de Nice a tenu \u00e0 se f\u00e9liciter pour un \u00ab\u2009sommet puissance 10\u2009\u00bb. \u00ab\u2009Par rapport au premier sommet \u00e0 New-York et au deuxi\u00e8me de Lisbonne, l\u2019Unoc-3 va accueillir de tr\u00e8s nombreux chefs d\u2019\u00c9tats\u2009\u00bb, a soulign\u00e9 l\u2019\u00e9lu quelques jours avant le d\u00e9but des \u00e9changes.<\/p>\n<p>Vid\u00e9os : en ce moment sur Actu<\/p>\n<p class=\" wall-content\">On sait d\u2019ores et d\u00e9j\u00e0 que le Pr\u00e9sident fran\u00e7ais, Emmanuel Macron, sera pr\u00e9sent. Ce sera \u00e9galement le cas de <strong>Lula<\/strong>, Pr\u00e9sident du Br\u00e9sil.<\/p>\n<p class=\" wall-content\">Si la pr\u00e9sence de chefs d\u2019\u00c9tats doit \u00eatre massive, la conclusion trouv\u00e9e \u00e0 l\u2019issue des \u00e9changes et des d\u00e9bats reste, elle, impossible \u00e0 pr\u00e9dire.<\/p>\n<p class=\" wall-content\">Suivez toute l\u2019actualit\u00e9 de vos villes et m\u00e9dias favoris en vous inscrivant \u00e0 <a href=\"https:\/\/moncompte.actu.fr\" title=\"D\u00e9couvez Mon Actu\" rel=\"nofollow noopener\" data-trk=\"{&quot;cta&quot;:{&quot;action&quot;:&quot;https:\\\/\\\/moncompte.actu.fr&quot;,&quot;category&quot;:&quot;mon compte&quot;,&quot;from&quot;:&quot;article footer&quot;,&quot;name&quot;:&quot;Mon actu&quot;,&quot;type&quot;:&quot;cta&quot;}}\" target=\"_blank\">Mon Actu<\/a>.<\/p>\n<ul class=\"ac-article-tag wall-content\">\n<li><a href=\"https:\/\/actu.fr\/tag\/christian-estrosi\" data-trk=\"{&quot;cta&quot;:{&quot;action&quot;:&quot;Christian Estrosi&quot;,&quot;category&quot;:&quot;tag&quot;,&quot;from&quot;:&quot;article footer&quot;,&quot;name&quot;:&quot;Christian Estrosi&quot;,&quot;type&quot;:&quot;cta&quot;}}\" rel=\"nofollow noopener\" target=\"_blank\">#Christian Estrosi<\/a><\/li>\n<li><a href=\"https:\/\/actu.fr\/tag\/environnement\" data-trk=\"{&quot;cta&quot;:{&quot;action&quot;:&quot;Environnement&quot;,&quot;category&quot;:&quot;tag&quot;,&quot;from&quot;:&quot;article footer&quot;,&quot;name&quot;:&quot;Environnement&quot;,&quot;type&quot;:&quot;cta&quot;}}\" rel=\"nofollow noopener\" target=\"_blank\">#Environnement<\/a><\/li>\n<\/ul>\n","protected":false},"excerpt":{"rendered":"Par Ugo Maillard Publi\u00e9 le 3 juin 2025 \u00e0 7h18 C\u2019est officiel. Javier Milei, Pr\u00e9sident de l\u2019Argentine, sera&hellip;\n","protected":false},"author":2,"featured_media":148170,"comment_status":"","ping_status":"","sticky":false,"template":"","format":"standard","meta":{"footnotes":""},"categories":[2819],"tags":[1111,11,2397,436,1777,674,1011,27,12,2401,316,882,25],"class_list":{"0":"post-148169","1":"post","2":"type-post","3":"status-publish","4":"format-standard","5":"has-post-thumbnail","7":"category-nice","8":"tag-actu","9":"tag-actualites","10":"tag-christian-estrosi","11":"tag-environnement","12":"tag-eu","13":"tag-europe","14":"tag-fr","15":"tag-france","16":"tag-news","17":"tag-nice","18":"tag-politique","19":"tag-provence-alpes-cote-dazur","20":"tag-republique-francaise"},"share_on_mastodon":{"url":"https:\/\/pubeurope.com\/@fr\/114617832411562694","error":""},"_links":{"self":[{"href":"https:\/\/www.europesays.com\/fr\/wp-json\/wp\/v2\/posts\/148169","targetHints":{"allow":["GET"]}}],"collection":[{"href":"https:\/\/www.europesays.com\/fr\/wp-json\/wp\/v2\/posts"}],"about":[{"href":"https:\/\/www.europesays.com\/fr\/wp-json\/wp\/v2\/types\/post"}],"author":[{"embeddable":true,"href":"https:\/\/www.europesays.com\/fr\/wp-json\/wp\/v2\/users\/2"}],"replies":[{"embeddable":true,"href":"https:\/\/www.europesays.com\/fr\/wp-json\/wp\/v2\/comments?post=148169"}],"version-history":[{"count":0,"href":"https:\/\/www.europesays.com\/fr\/wp-json\/wp\/v2\/posts\/148169\/revisions"}],"wp:featuredmedia":[{"embeddable":true,"href":"https:\/\/www.europesays.com\/fr\/wp-json\/wp\/v2\/media\/148170"}],"wp:attachment":[{"href":"https:\/\/www.europesays.com\/fr\/wp-json\/wp\/v2\/media?parent=148169"}],"wp:term":[{"taxonomy":"category","embeddable":true,"href":"https:\/\/www.europesays.com\/fr\/wp-json\/wp\/v2\/categories?post=148169"},{"taxonomy":"post_tag","embeddable":true,"href":"https:\/\/www.europesays.com\/fr\/wp-json\/wp\/v2\/tags?post=148169"}],"curies":[{"name":"wp","href":"https:\/\/api.w.org\/{rel}","templated":true}]}}