{"id":148171,"date":"2025-06-03T05:41:11","date_gmt":"2025-06-03T05:41:11","guid":{"rendered":"https:\/\/www.europesays.com\/fr\/148171\/"},"modified":"2025-06-03T05:41:11","modified_gmt":"2025-06-03T05:41:11","slug":"decouvrez-les-coulisses-des-naissances-au-chu-de-nantes","status":"publish","type":"post","link":"https:\/\/www.europesays.com\/fr\/148171\/","title":{"rendered":"d\u00e9couvrez les coulisses des naissances au CHU de Nantes"},"content":{"rendered":"<p>La maternit\u00e9 du CHU de Nantes est la seule maternit\u00e9 publique de l&rsquo;agglom\u00e9ration. L&rsquo;ann\u00e9e derni\u00e8re plus de 4000 b\u00e9b\u00e9s y ont vu le jour. Reportage aupr\u00e8s des sages-femmes nantaises.<\/p>\n<p>\n                            Cet article est r\u00e9serv\u00e9 aux abonn\u00e9s\n                        <\/p>\n<p>    <img loading=\"lazy\" decoding=\"async\" src=\"https:\/\/www.europesays.com\/fr\/wp-content\/uploads\/2025\/06\/nantes-maternite-chu-hopital-5-960x640.jpeg\" alt=\"L'organisation est millim\u00e9tr\u00e9e \u00e0 la maternit\u00e9 de Nantes pour permettre le meilleur accueil possible. \" width=\"960\" height=\"640\"\/><br \/>\n    L\u2019organisation est millim\u00e9tr\u00e9e \u00e0 la maternit\u00e9 de Nantes pour permettre le meilleur accueil possible. (\u00a9Laure Gentil \/ actu Nantes)                <\/p>\n<p>            Par<br \/>\n        <strong><br \/>\n            <a href=\"https:\/\/actu.fr\/auteur\/laure-gentil\" title=\"Consulter tous les articles de Laure Gentil\" rel=\"nofollow noopener\" target=\"_blank\">Laure Gentil<\/a><br \/>\n        <\/strong><\/p>\n<p>        Publi\u00e9 le<\/p>\n<p>            3 juin 2025 \u00e0 7h34        <\/p>\n<p>8\u2009243. C\u2019est le <a href=\"https:\/\/actu.fr\/pays-de-la-loire\/nantes_44109\/a-nantes-quels-sont-les-prenoms-les-plus-donnes-aux-bebes-nes-en-2024_62063369.html\" rel=\"nofollow noopener\" target=\"_blank\">nombre de b\u00e9b\u00e9s n\u00e9s\u00a0\u00e0 Nantes<\/a> en 2024. <strong>Plus de 4\u2009000<\/strong> d\u2019entre eux ont vu le jour entre les murs du CHU, boulevard Jean-Monnet.<\/p>\n<p class=\" wall-content\">\u00ab\u2009C\u2019est une tr\u00e8s grosse maternit\u00e9, la seule publique sur l\u2019agglom\u00e9ration nantaise\u2009\u00bb, commente avec le sourire <strong>Solenn Carvalho,<\/strong> responsable d\u2019unit\u00e9 \u00e0 la maternit\u00e9 du CHU de Nantes. La sage-femme a accept\u00e9 de nous ouvrir les portes de cette maternit\u00e9 de niveau 3, ouverte \u00e0 tous, mais \u00e0 un rythme effr\u00e9n\u00e9.<\/p>\n<p>\u00ab\u2009De bons retours\u2009\u00bb des patientes<\/p>\n<p class=\" wall-content\"><strong>L\u2019accueil et l\u2019\u00e9coute<\/strong> sont les ma\u00eetres mots dans la maternit\u00e9 de Nantes. Solenn Carvalho, blouse blanche sur les \u00e9paules, pr\u00e9sente les lieux avec fiert\u00e9. \u00ab\u2009On est dans une maternit\u00e9 avec de bons retours des patientes\u2009\u00bb.<\/p>\n<p>    <img decoding=\"async\" loading=\"lazy\" src=\"https:\/\/www.europesays.com\/fr\/wp-content\/uploads\/2025\/06\/nantes-maternite-chu-hopital-6-censored-960x640.jpg\" alt=\"Les sages-femmes surveillent avec attention l'\u00e9tat des futures maman et l'avanc\u00e9e de l'accouchement.\" width=\"960\" height=\"640\"\/><br \/>\n    Les sages-femmes surveillent avec attention l\u2019\u00e9tat des futures mamans et l\u2019avanc\u00e9e de l\u2019accouchement. (\u00a9Laure Gentil \/ actu Nantes)<\/p>\n<p class=\" wall-content\">Les patientes dites \u00ab\u2009lambda\u2009\u00bb choisissent leur lieu d\u2019accouchement, rappelle la sage-femme. Et si la maternit\u00e9 du CHU de Nantes est choisie, c\u2019est pour la \u00ab\u2009bonne prise en charge\u2009\u00bb.<\/p>\n<blockquote class=\"ac-article-quote wall-content\">\n<p>Nous recevons une grande partie de patientes pr\u00e9caires, mais aussi \u00e9norm\u00e9ment de patientes migrantes qui ne parlent pas fran\u00e7ais &#8211; cette tranche-l\u00e0 augmente- et enfin nous avons des &lsquo;patientes s\u00e9curit\u00e9&rsquo; c&rsquo;est-\u00e0-dire dont les grossesses sont \u00e0 risques, avec notamment des b\u00e9b\u00e9s pr\u00e9matur\u00e9s. Notre maternit\u00e9 est une maternit\u00e9 de recours, on accueille toutes les pathologies de grossesse.<\/p>\n<p>    <strong>Solenn Carvalho<\/strong><br \/>\n        Responsable d&rsquo;unit\u00e9 \u00e0 la maternit\u00e9 de Nantes    <\/p><\/blockquote>\n<p class=\" wall-content\">Tout est parfaitement organis\u00e9\u2009: lorsque le grand jour arrive, la patiente est amen\u00e9e, par les <strong>urgences gyn\u00e9co obst\u00e9triques<\/strong> (\u00e0 ne pas confondre avec les urgences quai Moncousu) ou l\u2019accueil, en salle d\u2019examen o\u00f9 un bilan est fait.<\/p>\n<p class=\" wall-content\">Puis, si la patiente a encore un peu de temps avant l\u2019accouchement, elle part dans l\u2019une des<strong> salles de pr\u00e9-travail,<\/strong> qui sont au nombre de quatre.<\/p>\n<p class=\" wall-content\">La derni\u00e8re \u00e9tape est bien s\u00fbr <strong>la salle de naissance.<\/strong> Le CHU en dispose de <strong>douze<\/strong>. \u00ab\u2009On manque de place, reconna\u00eet la responsable d\u2019unit\u00e9. Sur les 4\u2009145 naissances on aurait pu en faire 4\u2009300.\u00a0\u00bb<\/p>\n<p>    <img decoding=\"async\" loading=\"lazy\" src=\"https:\/\/www.europesays.com\/fr\/wp-content\/uploads\/2025\/06\/nantes-maternite-chu-hopital-2-960x640.jpeg\" alt=\"Les p\u00e8res peuvent passer la nuit avec leur famille gr\u00e2ce \u00e0 des canap\u00e9s convertibles.\" width=\"960\" height=\"640\"\/><br \/>\n    Les p\u00e8res peuvent passer la nuit avec leur famille gr\u00e2ce \u00e0 des canap\u00e9s convertibles. (\u00a9Laure Gentil \/ actu Nantes)<\/p>\n<p class=\" wall-content\">Apr\u00e8s l\u2019accouchement, la patiente et le b\u00e9b\u00e9 sont install\u00e9s dans une chambre en \u00ab\u2009suite de couche\u2009\u00bb o\u00f9 elle restera pendant trois \u00e0 quatre jours.<\/p>\n<p>\u00ab\u2009C\u2019est magique\u2009\u00bb<\/p>\n<p class=\" wall-content\">En tout, ce sont <strong>une centaine de soignants<\/strong> qui se relaient tous les jours\u2009: des sages-femmes, mais aussi des infirmi\u00e8res et infirmiers, des auxiliaires de pu\u00e9riculture, des aides-soignants, des agents de service hospitaliers, des obst\u00e9triciens, des m\u00e9decins g\u00e9n\u00e9ralistes ou sp\u00e9cialistes et m\u00eame des psychologues\u2026<\/p>\n<p class=\" wall-content\">Des <strong>\u00e9tudiants<\/strong> sont aussi parfois pr\u00e9sents aux accouchements. \u00ab\u2009On forme nos futurs professionnels\u2009\u00bb, souligne Solenn Carvahlo.<\/p>\n<p>    <img decoding=\"async\" loading=\"lazy\" src=\"https:\/\/www.europesays.com\/fr\/wp-content\/uploads\/2025\/06\/nantes-maternite-chu-hopital-7-960x640.jpeg\" alt=\"La maternit\u00e9 du CHU de Nantes est de niveau 3, c'est-\u00e0-dire qu'elle poss\u00e8de un service de r\u00e9animation n\u00e9onatale.\" width=\"960\" height=\"640\"\/><br \/>\n    La maternit\u00e9 du CHU de Nantes est de niveau 3, c\u2019est-\u00e0-dire qu\u2019elle poss\u00e8de un service de r\u00e9animation n\u00e9onatale. (\u00a9Laure Gentil \/ actu Nantes)<\/p>\n<p class=\" wall-content\">Le rythme de travail est toutefois \u00e9reintant\u2009: environ <strong>160 consultations sont programm\u00e9es tous les jours<\/strong> et les professionnels de sant\u00e9 doivent g\u00e9rer 10 accouchements, en moyenne, en 24\u00a0heures.<\/p>\n<p class=\" wall-content\">Chaque accouchement est <strong>tr\u00e8s surveill\u00e9.<\/strong> Les sages-femmes se relaient devant les \u00e9crans sur lesquels s\u2019affichent le nom des patientes, le rythme cardiaque et les contractions.<\/p>\n<p class=\" wall-content\">\u00ab\u2009Par exemple vous faites le lundi \u2018de jour\u2019, vous commencez \u00e0 7h30 jusqu\u2019\u00e0 19h30 et le mardi vous \u00eates de nuit de 19h30 \u00e0 7h30, le mercredi, jeudi et vendredi vous \u00eates de repos, et vous recommencez de jour le samedi et de nuit le dimanche\u2009\u00bb, explique Solenn Carvahlo.<\/p>\n<p>    <img decoding=\"async\" loading=\"lazy\" src=\"https:\/\/www.europesays.com\/fr\/wp-content\/uploads\/2025\/06\/nantes-maternite-chu-hopital-3-960x640.jpeg\" alt=\"Solenn Carvalho, sage-femme responsable de l'unit\u00e9 de grossesses \u00e0 haut risque.\" width=\"960\" height=\"640\"\/><br \/>\n    Solenn Carvalho, sage-femme responsable de l\u2019unit\u00e9 de grossesses \u00e0 haut risque. (\u00a9Laure Gentil \/ actu Nantes)<\/p>\n<p class=\" wall-content\">Mais l\u2019amour du m\u00e9tier est tr\u00e8s pr\u00e9sent, Hermine Lawton, 28\u00a0ans et sage-femme depuis quatre ans adore ce qu\u2019elle fait. Elle est arriv\u00e9e au CHU de Nantes, six mois apr\u00e8s la fin de ses \u00e9tudes. \u00ab\u2009On me l\u2019avait fortement recommand\u00e9\u2009!\u2009\u00bb, nous indique-t-elle.<\/p>\n<p>    <img decoding=\"async\" loading=\"lazy\" src=\"https:\/\/www.europesays.com\/fr\/wp-content\/uploads\/2025\/06\/hermine-nantes-chu-960x640.jpeg\" alt=\"Hermine est sage-femme au CHU de Nantes.\" width=\"960\" height=\"640\"\/><br \/>\n    Hermine Lawton est sage-femme au CHU de Nantes. (\u00a9Laure Gentil \/ actu Nantes)<\/p>\n<p class=\" wall-content\">\u00ab\u2009Le CHU est tr\u00e8s sp\u00e9cifique, mais tr\u00e8s vari\u00e9. On y pr\u00f4ne le respect de la physiologie. On prend le temps d\u2019\u00e9couter les demandes et les souhaits\u2009\u00bb, assure-t-elle. \u00ab\u2009C\u2019est magique\u2009!\u2009\u00bb<\/p>\n<p class=\" wall-content\">Son quotidien peu para\u00eetre difficile, mais elle n\u2019a pas de regrets.<\/p>\n<blockquote class=\"ac-article-quote wall-content\">\n<p>On commence la journ\u00e9e avec ce qui est le plus urgent, en suite de couches, ce seront les patientes qui ont accouch\u00e9 r\u00e9cemment ou ont des besoins sp\u00e9cifiques. En salle de naissance, on fait un point assez vite sur l&rsquo;avanc\u00e9e des choses.<\/p>\n<p>    <strong>Hermine Lawton<\/strong><br \/>\n        Sage-femme \u00e0 la maternit\u00e9 de Nantes    <\/p><\/blockquote>\n<p class=\" wall-content\">Solenn Carvahlo non plus ne changerait pas de m\u00e9tier. C\u2019est aussi d\u2019un pas press\u00e9, qu\u2019elle nous quitte \u00e0 l\u2019entr\u00e9e de la maternit\u00e9 pour retourner accueillir les futures mamans.<\/p>\n<p><strong>Infos pratiques.<\/strong> Pour en savoir plus sur la maternit\u00e9, <a href=\"https:\/\/www.chu-nantes.fr\/femme-enceinte\" rel=\"nofollow noopener\" target=\"_blank\">vous pouvez acc\u00e9der au site du CHU en cliquant ici<\/a>. T\u00e9l\u00e9phone accueil de la maternit\u00e9\u2009: 02\u200940\u200908\u200931\u200992. 38 boulevard Jean-Monnet.<\/p>\n<p class=\" wall-content\">Suivez toute l\u2019actualit\u00e9 de vos villes et m\u00e9dias favoris en vous inscrivant \u00e0 <a href=\"https:\/\/moncompte.actu.fr\" title=\"D\u00e9couvez Mon Actu\" rel=\"nofollow noopener\" data-trk=\"{&quot;cta&quot;:{&quot;action&quot;:&quot;https:\\\/\\\/moncompte.actu.fr&quot;,&quot;category&quot;:&quot;mon compte&quot;,&quot;from&quot;:&quot;article footer&quot;,&quot;name&quot;:&quot;Mon actu&quot;,&quot;type&quot;:&quot;cta&quot;}}\" target=\"_blank\">Mon Actu<\/a>.<\/p>\n","protected":false},"excerpt":{"rendered":"La maternit\u00e9 du CHU de Nantes est la seule maternit\u00e9 publique de l&rsquo;agglom\u00e9ration. L&rsquo;ann\u00e9e derni\u00e8re plus de 4000&hellip;\n","protected":false},"author":2,"featured_media":148172,"comment_status":"","ping_status":"","sticky":false,"template":"","format":"standard","meta":{"footnotes":""},"categories":[2818],"tags":[1111,11,1719,1777,674,1011,27,15761,766,12,2636,25,71,104],"class_list":{"0":"post-148171","1":"post","2":"type-post","3":"status-publish","4":"format-standard","5":"has-post-thumbnail","7":"category-nantes","8":"tag-actu","9":"tag-actualites","10":"tag-enfants","11":"tag-eu","12":"tag-europe","13":"tag-fr","14":"tag-france","15":"tag-maternite","16":"tag-nantes","17":"tag-news","18":"tag-pays-de-la-loire","19":"tag-republique-francaise","20":"tag-sante","21":"tag-societe"},"share_on_mastodon":{"url":"https:\/\/pubeurope.com\/@fr\/114617836232187048","error":""},"_links":{"self":[{"href":"https:\/\/www.europesays.com\/fr\/wp-json\/wp\/v2\/posts\/148171","targetHints":{"allow":["GET"]}}],"collection":[{"href":"https:\/\/www.europesays.com\/fr\/wp-json\/wp\/v2\/posts"}],"about":[{"href":"https:\/\/www.europesays.com\/fr\/wp-json\/wp\/v2\/types\/post"}],"author":[{"embeddable":true,"href":"https:\/\/www.europesays.com\/fr\/wp-json\/wp\/v2\/users\/2"}],"replies":[{"embeddable":true,"href":"https:\/\/www.europesays.com\/fr\/wp-json\/wp\/v2\/comments?post=148171"}],"version-history":[{"count":0,"href":"https:\/\/www.europesays.com\/fr\/wp-json\/wp\/v2\/posts\/148171\/revisions"}],"wp:featuredmedia":[{"embeddable":true,"href":"https:\/\/www.europesays.com\/fr\/wp-json\/wp\/v2\/media\/148172"}],"wp:attachment":[{"href":"https:\/\/www.europesays.com\/fr\/wp-json\/wp\/v2\/media?parent=148171"}],"wp:term":[{"taxonomy":"category","embeddable":true,"href":"https:\/\/www.europesays.com\/fr\/wp-json\/wp\/v2\/categories?post=148171"},{"taxonomy":"post_tag","embeddable":true,"href":"https:\/\/www.europesays.com\/fr\/wp-json\/wp\/v2\/tags?post=148171"}],"curies":[{"name":"wp","href":"https:\/\/api.w.org\/{rel}","templated":true}]}}