{"id":148173,"date":"2025-06-03T05:42:24","date_gmt":"2025-06-03T05:42:24","guid":{"rendered":"https:\/\/www.europesays.com\/fr\/148173\/"},"modified":"2025-06-03T05:42:24","modified_gmt":"2025-06-03T05:42:24","slug":"une-oeuvre-dandy-warhol-a-decouvrir-au-musee-dobree-a-nantes-a-partir-doctobre-2025","status":"publish","type":"post","link":"https:\/\/www.europesays.com\/fr\/148173\/","title":{"rendered":"Une \u0153uvre d\u2019Andy Warhol \u00e0 d\u00e9couvrir au mus\u00e9e Dobr\u00e9e \u00e0 Nantes, \u00e0 partir d\u2019octobre\u00a02025"},"content":{"rendered":"<p>C\u2019est une information Ouest-France. \u00c0 partir du vendredi 17\u00a0octobre, on pourra d\u00e9couvrir une s\u00e9rigraphie d\u2019Andy Warhol dans les murs charg\u00e9s d\u2019histoire du mus\u00e9e Dobr\u00e9e, \u00e0 Nantes.<\/p>\n<p>L\u2019affiche a du panache\u00a0! Le c\u00e9l\u00e8bre artiste du pop art am\u00e9ricain, mort en 1987, sera entour\u00e9 d\u2019autres pointures de l\u2019art contemporain,<a href=\"https:\/\/nantes.maville.com\/actu\/actudet_-cinq-coups-de-coeur-au-nouveau-musee-dobree-a-nantes-a-decouvrir-dans-les-pas-de-sa-directrice-_52716-6294802_actu.Htm\" target=\"_self\" rel=\"nofollow noopener\"> comme le couple de plasticiens fran\u00e7ais Christian Boltanski et Annette Messager<\/a> ou encore \u00c9douard Boyer.<\/p>\n<p>\u00ab\u00a0250\u00a0\u0153uvres de toutes \u00e9poques\u00a0\u00bb<\/p>\n<p>Cette premi\u00e8re grande exposition du mus\u00e9e d\u00e9partemental depuis <a href=\"https:\/\/nantes.maville.com\/actu\/actudet_-nantes.-au-musee-dobree-les-grands-travaux-sont-en-cours-_8-5083588_actu.Htm\" target=\"_self\" rel=\"nofollow noopener\">sa r\u00e9ouverture en mai\u00a02024<\/a>, apr\u00e8s de longs travaux, semble vouloir s\u2019inscrire dans la veine des <a href=\"https:\/\/www.ouest-france.fr\/culture\/arts\/expositions\/pourquoi-les-expos-nantaises-cartonnent-ab4975b6-9379-11ee-a573-1d8641f728fa#:~:text=%25C3%2580%2520l&#039;%25C3%25A9coute%2520du%2520public,bien%2520en%2520t%25C3%25AAte%2520leur%2520public.\" target=\"_self\" rel=\"nofollow noopener\">expositions nantaises d\u2019envergure qui, ces derni\u00e8res ann\u00e9es, touchent un large public, comme Hyper sensible au mus\u00e9e d\u2019arts ou Gengis Khan <\/a>au ch\u00e2teau des ducs de Bretagne.<\/p>\n<p>Intitul\u00e9e \u00c0 c\u0153urs ouverts, elle r\u00e9unira <strong>\u00ab\u00a0250\u00a0\u0153uvres de toutes \u00e9poques et de tous horizons\u00a0\u00bb<\/strong> autour du c\u0153ur, pour amener le visiteur \u00e0 <strong>\u00ab\u00a0poser un nouveau regard sur ce c\u0153ur si familier, gr\u00e2ce au dialogue entre des collections\u00a0du mus\u00e9e restaur\u00e9es pour l\u2019occasion et des\u00a0pr\u00eats exceptionnels provenant d\u2019institutions\u00a0nationales ou de collections priv\u00e9es\u00a0\u00bb,<\/strong> explique l\u2019\u00e9quipe de Dobr\u00e9e.<\/p>\n<p>Le c\u00f4t\u00e9 \u00e0 la fois anatomique et symbolique de cet organe vital sera explor\u00e9 dans l\u2019expo avec des st\u00e9thoscopes du XIXe\u00a0si\u00e8cle, des amulettes de l\u2019\u00c9gypte des pharaons, des \u0153uvres m\u00e9di\u00e9vales\u2026 Sans oublier, bien s\u00fbr, le joyau du mus\u00e9e Dobr\u00e9e\u00a0: <a href=\"https:\/\/rennes.maville.com\/actu\/actudet_-recit.-vol-du-reliquaire-d-anne-de-bretagne-a-nantes-comment-le-casse-a-fini-par-echouer_52716-3732914_actu.Htm\" target=\"_self\" rel=\"nofollow noopener\">le cardiotaphe d\u2019Anne de Bretagne, souvent appel\u00e9 reliquaire.<\/a><\/p>\n<p>Pr\u00e9sent dans les collections depuis 1896, ce d\u00e9licat objet d\u2019orf\u00e8vrerie renfermait le c\u0153ur d\u2019Anne de Bretagne dans un \u00e9crin d\u2019or, d\u2019\u00e9mail et de bois command\u00e9 par la duchesse de son vivant, afin que son c\u0153ur repose aupr\u00e8s de ses parents \u00e0 Nantes. Tandis que, selon la tradition, son corps devait rejoindre la basilique de Saint-Denis o\u00f9 reposent les rois et reines de France\u2026<\/p>\n<p><strong>Du 17\u00a0octobre 2025 au 1er\u00a0mars 2026<\/strong> au mus\u00e9e Dobr\u00e9e, 1,\u00a0place Jean-V, \u00e0 Nantes. Tram ligne 1 (arr\u00eat Chantiers navals). Bus C1, C3 (arr\u00eat Copernic &#8211; Mus\u00e9es). Tarifs : 7\u00a0\u20ac, gratuit pour les moins de 26\u00a0ans.<\/p>\n<p>\u00a0<\/p>\n","protected":false},"excerpt":{"rendered":"C\u2019est une information Ouest-France. \u00c0 partir du vendredi 17\u00a0octobre, on pourra d\u00e9couvrir une s\u00e9rigraphie d\u2019Andy Warhol dans les&hellip;\n","protected":false},"author":2,"featured_media":148174,"comment_status":"","ping_status":"","sticky":false,"template":"","format":"standard","meta":{"footnotes":""},"categories":[2818],"tags":[17,1111,11,3385,3979,27738,1777,674,1011,27,3048,766,12,7518,5537,2636,25,5773,27737],"class_list":{"0":"post-148173","1":"post","2":"type-post","3":"status-publish","4":"format-standard","5":"has-post-thumbnail","7":"category-nantes","8":"tag-17","9":"tag-actu","10":"tag-actualites","11":"tag-andy","12":"tag-decouvrir","13":"tag-dobree","14":"tag-eu","15":"tag-europe","16":"tag-fr","17":"tag-france","18":"tag-musee","19":"tag-nantes","20":"tag-news","21":"tag-octobre","22":"tag-partir","23":"tag-pays-de-la-loire","24":"tag-republique-francaise","25":"tag-uvre","26":"tag-warhol"},"share_on_mastodon":{"url":"https:\/\/pubeurope.com\/@fr\/114617840089693788","error":""},"_links":{"self":[{"href":"https:\/\/www.europesays.com\/fr\/wp-json\/wp\/v2\/posts\/148173","targetHints":{"allow":["GET"]}}],"collection":[{"href":"https:\/\/www.europesays.com\/fr\/wp-json\/wp\/v2\/posts"}],"about":[{"href":"https:\/\/www.europesays.com\/fr\/wp-json\/wp\/v2\/types\/post"}],"author":[{"embeddable":true,"href":"https:\/\/www.europesays.com\/fr\/wp-json\/wp\/v2\/users\/2"}],"replies":[{"embeddable":true,"href":"https:\/\/www.europesays.com\/fr\/wp-json\/wp\/v2\/comments?post=148173"}],"version-history":[{"count":0,"href":"https:\/\/www.europesays.com\/fr\/wp-json\/wp\/v2\/posts\/148173\/revisions"}],"wp:featuredmedia":[{"embeddable":true,"href":"https:\/\/www.europesays.com\/fr\/wp-json\/wp\/v2\/media\/148174"}],"wp:attachment":[{"href":"https:\/\/www.europesays.com\/fr\/wp-json\/wp\/v2\/media?parent=148173"}],"wp:term":[{"taxonomy":"category","embeddable":true,"href":"https:\/\/www.europesays.com\/fr\/wp-json\/wp\/v2\/categories?post=148173"},{"taxonomy":"post_tag","embeddable":true,"href":"https:\/\/www.europesays.com\/fr\/wp-json\/wp\/v2\/tags?post=148173"}],"curies":[{"name":"wp","href":"https:\/\/api.w.org\/{rel}","templated":true}]}}