{"id":148185,"date":"2025-06-03T05:54:10","date_gmt":"2025-06-03T05:54:10","guid":{"rendered":"https:\/\/www.europesays.com\/fr\/148185\/"},"modified":"2025-06-03T05:54:10","modified_gmt":"2025-06-03T05:54:10","slug":"la-ville-de-marseille-confortee-en-justice-face-au-syndicat-des-loueurs-meubles","status":"publish","type":"post","link":"https:\/\/www.europesays.com\/fr\/148185\/","title":{"rendered":"la Ville de Marseille confort\u00e9e en justice face au syndicat des loueurs meubl\u00e9s"},"content":{"rendered":"<p>Demande rejet\u00e9e. La juge des r\u00e9f\u00e9r\u00e9s du tribunal administratif de Marseille a rendu son d\u00e9lib\u00e9r\u00e9 ce lundi 2 juin apr\u00e8s-midi : elle a rejet\u00e9 <a href=\"https:\/\/www.laprovence.com\/article\/region\/12883258576867\/reglementation-sur-le-meuble-de-tourisme-la-ville-de-marseille-attaquee-en-justice\" target=\"_blank\" rel=\"noopener\">la demande de l&rsquo;antenne locale du syndicat des professionnels de la location meubl\u00e9e<\/a> (SPLM) contre les restrictions de location de meubl\u00e9s de type Airbnb.<\/p>\n<p>Le SPLM voulait que la d\u00e9lib\u00e9ration m\u00e9tropolitaine du 25 f\u00e9vrier dernier soit suspendue. Celle-ci modifie la r\u00e8gle du changement d&rsquo;usage, <strong>une autorisation pour louer une r\u00e9sidence secondaire sur les plateformes touristiques<\/strong>.<\/p>\n","protected":false},"excerpt":{"rendered":"Demande rejet\u00e9e. La juge des r\u00e9f\u00e9r\u00e9s du tribunal administratif de Marseille a rendu son d\u00e9lib\u00e9r\u00e9 ce lundi 2&hellip;\n","protected":false},"author":2,"featured_media":148186,"comment_status":"","ping_status":"","sticky":false,"template":"","format":"standard","meta":{"footnotes":""},"categories":[2814],"tags":[17,1111,11,27741,27742,1777,674,2823,1011,27,303,884,12,882,16,25,16524,4824],"class_list":{"0":"post-148185","1":"post","2":"type-post","3":"status-publish","4":"format-standard","5":"has-post-thumbnail","7":"category-marseille","8":"tag-17","9":"tag-actu","10":"tag-actualites","11":"tag-anti-airbnb","12":"tag-confortee","13":"tag-eu","14":"tag-europe","15":"tag-face","16":"tag-fr","17":"tag-france","18":"tag-justice","19":"tag-marseille","20":"tag-news","21":"tag-provence-alpes-cote-dazur","22":"tag-region","23":"tag-republique-francaise","24":"tag-restrictions","25":"tag-ville"},"share_on_mastodon":{"url":"https:\/\/pubeurope.com\/@fr\/114617887210542972","error":""},"_links":{"self":[{"href":"https:\/\/www.europesays.com\/fr\/wp-json\/wp\/v2\/posts\/148185","targetHints":{"allow":["GET"]}}],"collection":[{"href":"https:\/\/www.europesays.com\/fr\/wp-json\/wp\/v2\/posts"}],"about":[{"href":"https:\/\/www.europesays.com\/fr\/wp-json\/wp\/v2\/types\/post"}],"author":[{"embeddable":true,"href":"https:\/\/www.europesays.com\/fr\/wp-json\/wp\/v2\/users\/2"}],"replies":[{"embeddable":true,"href":"https:\/\/www.europesays.com\/fr\/wp-json\/wp\/v2\/comments?post=148185"}],"version-history":[{"count":0,"href":"https:\/\/www.europesays.com\/fr\/wp-json\/wp\/v2\/posts\/148185\/revisions"}],"wp:featuredmedia":[{"embeddable":true,"href":"https:\/\/www.europesays.com\/fr\/wp-json\/wp\/v2\/media\/148186"}],"wp:attachment":[{"href":"https:\/\/www.europesays.com\/fr\/wp-json\/wp\/v2\/media?parent=148185"}],"wp:term":[{"taxonomy":"category","embeddable":true,"href":"https:\/\/www.europesays.com\/fr\/wp-json\/wp\/v2\/categories?post=148185"},{"taxonomy":"post_tag","embeddable":true,"href":"https:\/\/www.europesays.com\/fr\/wp-json\/wp\/v2\/tags?post=148185"}],"curies":[{"name":"wp","href":"https:\/\/api.w.org\/{rel}","templated":true}]}}