{"id":148187,"date":"2025-06-03T05:55:09","date_gmt":"2025-06-03T05:55:09","guid":{"rendered":"https:\/\/www.europesays.com\/fr\/148187\/"},"modified":"2025-06-03T05:55:09","modified_gmt":"2025-06-03T05:55:09","slug":"a-marseille-le-parc-de-la-moline-passe-a-lheure-dete-et-du-changement-climatique","status":"publish","type":"post","link":"https:\/\/www.europesays.com\/fr\/148187\/","title":{"rendered":"\u00c0 Marseille, le parc de la Moline passe \u00e0 l&rsquo;heure d&rsquo;\u00e9t\u00e9 et du changement climatique"},"content":{"rendered":"<p>Sur les hauteurs du 12e arrondissement, le site s\u2019\u00e9tend sur 11 hectares et offre un large panorama sur la ville. Si le <a href=\"https:\/\/www.laprovence.com\/videos\/les-porteurs-enflamment-le-parc-de-la-moline\/1715270785781\" target=\"_blank\" rel=\"noopener\">parc de la Moline<\/a> n\u2019est pas le plus pris\u00e9 des espaces verts marseillais, la municipalit\u00e9 voulait affirmer, lundi 2\u00a0juin, sa volont\u00e9 de ne pas le d\u00e9laisser. Pour rappeler le passage \u00e0 l\u2019heure d\u2019\u00e9t\u00e9 des parcs (ouverture de 6\u00a0h\u00a030 \u00e0 21 h, jusqu\u2019au 31\u00a0ao\u00fbt), Nassera Benmarnia avait donc choisi \u00ab\u00a0cette coul\u00e9e verte qui s\u2019\u00e9tend de Frais-Vallon \u00e0 la Fourrag\u00e8re\u00a0\u00bb pour pr\u00e9senter <a href=\"https:\/\/www.laprovence.com\/article\/region\/90283879775168\/nouveaux-parcs-et-jardins-arrosage-connecte-un-plan-arbres-plus-ambitieux-a-marseille\" target=\"_blank\" rel=\"noopener\">une nouvelle gestion des parcs<\/a> \u00ab\u00a0adapt\u00e9e au changement climatique\u00a0\u00bb.<\/p>\n<p>Un \u00ab\u00a0syst\u00e8me d\u2019arrosage intelligent\u00a0\u00bb<\/p>\n<p>Depuis\u00a02020, l\u2019adjointe au maire (DVG) en charge de la nature en ville pr\u00e9sente plus de 600\u00a0000\u00a0\u20ac\u00a0d\u2019investissements \u00e0 la Moline pour \u00ab\u00a0renaturer\u00a0\u00bb le site, planter quelque 130 arbres et 7\u00a0000\u00a0arbustes et revoir un syst\u00e8me d\u2019arrosage jusque-l\u00e0 bien trop gourmand.<\/p>\n","protected":false},"excerpt":{"rendered":"Sur les hauteurs du 12e arrondissement, le site s\u2019\u00e9tend sur 11 hectares et offre un large panorama sur&hellip;\n","protected":false},"author":2,"featured_media":148188,"comment_status":"","ping_status":"","sticky":false,"template":"","format":"standard","meta":{"footnotes":""},"categories":[2814],"tags":[17,1111,11,6560,27744,1777,674,1011,27,26637,884,27743,12,153,5242,882,16,25],"class_list":{"0":"post-148187","1":"post","2":"type-post","3":"status-publish","4":"format-standard","5":"has-post-thumbnail","7":"category-marseille","8":"tag-17","9":"tag-actu","10":"tag-actualites","11":"tag-changement","12":"tag-dete","13":"tag-eu","14":"tag-europe","15":"tag-fr","16":"tag-france","17":"tag-lheure","18":"tag-marseille","19":"tag-moline","20":"tag-news","21":"tag-parc","22":"tag-passe","23":"tag-provence-alpes-cote-dazur","24":"tag-region","25":"tag-republique-francaise"},"share_on_mastodon":{"url":"https:\/\/pubeurope.com\/@fr\/114617891107236935","error":""},"_links":{"self":[{"href":"https:\/\/www.europesays.com\/fr\/wp-json\/wp\/v2\/posts\/148187","targetHints":{"allow":["GET"]}}],"collection":[{"href":"https:\/\/www.europesays.com\/fr\/wp-json\/wp\/v2\/posts"}],"about":[{"href":"https:\/\/www.europesays.com\/fr\/wp-json\/wp\/v2\/types\/post"}],"author":[{"embeddable":true,"href":"https:\/\/www.europesays.com\/fr\/wp-json\/wp\/v2\/users\/2"}],"replies":[{"embeddable":true,"href":"https:\/\/www.europesays.com\/fr\/wp-json\/wp\/v2\/comments?post=148187"}],"version-history":[{"count":0,"href":"https:\/\/www.europesays.com\/fr\/wp-json\/wp\/v2\/posts\/148187\/revisions"}],"wp:featuredmedia":[{"embeddable":true,"href":"https:\/\/www.europesays.com\/fr\/wp-json\/wp\/v2\/media\/148188"}],"wp:attachment":[{"href":"https:\/\/www.europesays.com\/fr\/wp-json\/wp\/v2\/media?parent=148187"}],"wp:term":[{"taxonomy":"category","embeddable":true,"href":"https:\/\/www.europesays.com\/fr\/wp-json\/wp\/v2\/categories?post=148187"},{"taxonomy":"post_tag","embeddable":true,"href":"https:\/\/www.europesays.com\/fr\/wp-json\/wp\/v2\/tags?post=148187"}],"curies":[{"name":"wp","href":"https:\/\/api.w.org\/{rel}","templated":true}]}}