{"id":148195,"date":"2025-06-03T06:00:15","date_gmt":"2025-06-03T06:00:15","guid":{"rendered":"https:\/\/www.europesays.com\/fr\/148195\/"},"modified":"2025-06-03T06:00:15","modified_gmt":"2025-06-03T06:00:15","slug":"a-courbevoie-une-ecole-desaffectee-va-etre-transformee-en-creche-pour-la-rentree-scolaire-2025","status":"publish","type":"post","link":"https:\/\/www.europesays.com\/fr\/148195\/","title":{"rendered":"\u00c0 Courbevoie, une \u00e9cole d\u00e9saffect\u00e9e va \u00eatre transform\u00e9e en cr\u00e8che pour la rentr\u00e9e scolaire 2025"},"content":{"rendered":"<p>            Par<br \/>\n        <strong><br \/>\n            <a href=\"https:\/\/actu.fr\/auteur\/hugo-hancewicz\" title=\"Consulter tous les articles de Hugo Hancewicz\" rel=\"nofollow noopener\" target=\"_blank\">Hugo Hancewicz<\/a><br \/>\n        <\/strong><\/p>\n<p>        Publi\u00e9 le<\/p>\n<p>            3 juin 2025 \u00e0 7h38        <\/p>\n<p>\u00c0 l\u2019angle de la rue Hudri, au pied d\u2019un immeuble des ann\u00e9es 1970 culminant \u00e0 16 \u00e9tages, l\u2019ancienne \u00e9cole maternelle \u00ab\u2009Les Gen\u00eats\u2009\u00bb de <a href=\"https:\/\/actu.fr\/ile-de-france\/courbevoie_92026\" rel=\"nofollow noopener\" target=\"_blank\">Courbevoie<\/a> (<a href=\"https:\/\/actu.fr\/ile-de-france\/hauts-de-seine_92\" rel=\"nofollow noopener\" target=\"_blank\">Hauts-de-Seine<\/a>), ferm\u00e9e en juin\u00a02023 faute d\u2019\u00e9l\u00e8ves, <strong>va conna\u00eetre une seconde vie<\/strong>. La ville a lanc\u00e9 un vaste projet de r\u00e9habilitation pour r\u00e9pondre \u00e0 un besoin dans la commune\u2009: <strong>la cr\u00e9ation d\u2019une cr\u00e8che de 50 berceaux<\/strong> dans le quartier B\u00e9con, o\u00f9 l\u2019offre en accueil de la petite enfance s\u2019av\u00e8re insuffisante. Occupant une surface de 1\u2009690 m\u00b2, le b\u00e2timent est actuellement en pleine transformation. L\u2019objectif est d\u2019ouvrir les portes de la nouvelle structure <strong>\u00e0 l\u2019horizon de la rentr\u00e9e scolaire 2025<\/strong>. \u00ab\u2009Toutes les places sont d\u00e9j\u00e0 r\u00e9serv\u00e9es pour la rentr\u00e9e\u2009\u00bb, confie le maire de Courbevoie, Jacques Kossowski (<a href=\"https:\/\/actu.fr\/tag\/les-republicains-lr\" rel=\"nofollow noopener\" target=\"_blank\">LR<\/a>), \u00e0 <a href=\"https:\/\/actu.fr\/paris\/\" rel=\"nofollow noopener\" target=\"_blank\">actu Paris<\/a>, soulignant le fort besoin de solutions de garde dans un secteur de plus en plus familial. Ce lundi 2\u00a0juin 2025, la municipalit\u00e9 et la R\u00e9gion <a href=\"https:\/\/actu.fr\/ile-de-france\/\" rel=\"nofollow noopener\" target=\"_blank\">\u00cele-de-France<\/a> ont sign\u00e9 la convention de financement qui comprend une <strong>op\u00e9ration soutenue par la R\u00e9gion de 250\u2009000\u00a0euros<\/strong>.<\/p>\n<p>Un am\u00e9nagement complet et \u00e9cologique<\/p>\n<p class=\" wall-content\">La future cr\u00e8che comprendra plusieurs espaces d\u00e9di\u00e9s aux tout-petits\u2009: salles de motricit\u00e9, de peinture et une <strong>salle polyvalente pour les activit\u00e9s ludiques<\/strong>. Trois unit\u00e9s de vie structureront le quotidien des enfants avec des zones d\u2019activit\u00e9s, de change et de sommeil. Des locaux administratifs, techniques (office, buanderie, local d\u00e9chets\u2026) et un monte-charge seront \u00e9galement install\u00e9s, n\u00e9cessitant la cr\u00e9ation d\u2019une tr\u00e9mie au premier \u00e9tage.<\/p>\n<p class=\" wall-content\">Le projet int\u00e8gre une r\u00e9novation thermique par l\u2019int\u00e9rieur avec des <strong>mat\u00e9riaux biosourc\u00e9s<\/strong> pour l\u2019isolation et les menuiseries. L\u2019\u00e9clairage passera enti\u00e8rement en LED, tandis que la chaufferie actuelle sera maintenue, en attendant le raccordement au r\u00e9seau de chaleur urbain. La cour sera agrandie, v\u00e9g\u00e9talis\u00e9e, et <strong>dot\u00e9e de nouveaux jeux ext\u00e9rieurs<\/strong> pour offrir aux enfants un cadre \u00e0 la fois stimulant et respectueux de l\u2019environnement.<\/p>\n<p class=\" wall-content\">\n<p>Un projet soutenu par la R\u00e9gion \u00cele-de-France<\/p>\n<p class=\" wall-content\">Ce projet de r\u00e9habilitation s\u2019inscrit dans une politique plus large de r\u00e9utilisation du patrimoine b\u00e2ti, <strong>ch\u00e8re \u00e0 la municipalit\u00e9<\/strong>. \u00ab\u2009On essaye de tout garder plut\u00f4t que de d\u00e9molir\u2009\u00bb, insiste le maire. C\u2019est une mani\u00e8re concr\u00e8te de participer \u00e0 la d\u00e9carbonation de notre territoire, tout en r\u00e9pondant aux besoins des familles\u2009\u00bb.<\/p>\n<p class=\" wall-content\">Pr\u00e9sent aux c\u00f4t\u00e9s de l\u2019\u00e9dile, Jean-Philippe Dugoin-Cl\u00e9ment, vice-pr\u00e9sident de la R\u00e9gion \u00cele-de-France charg\u00e9 du logement, de l\u2019am\u00e9nagement durable du territoire, a salu\u00e9 la d\u00e9marche proactive de la commune, qualifiant Courbevoie de \u00ab\u2009l\u2019une des villes<strong> les plus dynamiques de la r\u00e9gion en mati\u00e8re de recherche de subventions<\/strong> pour porter ce type de projets\u2009\u00bb.<\/p>\n<blockquote class=\"ac-article-quote wall-content\">\n<p>\u00ab\u2009C\u2019est un projet exemplaire, \u00e0 la fois sur le plan environnemental et en mati\u00e8re d\u2019am\u00e9nagement urbain. Il lutte contre l\u2019\u00e9talement urbain et montre comment, en r\u00e9novant intelligemment, on peut cr\u00e9er des lieux de vie adapt\u00e9s aux enjeux actuels\u2009\u00bb<\/p>\n<p>    <strong>Jean-Philippe Dugoin-Cl\u00e9ment<\/strong><br \/>\n        Vice-pr\u00e9sident de la R\u00e9gion \u00cele-de-France charg\u00e9 du logement, de l\u2019am\u00e9nagement durable du territoire    <\/p><\/blockquote>\n<p class=\" wall-content\">Au-del\u00e0 de cette cr\u00e8che, la ville poursuit <strong>d\u2019autres chantiers\u2009de r\u00e9habilitation<\/strong>, dont la transformation d\u2019une tour en logement ou encore du centre commercial Charras. D\u2019autres communes ont d\u00e9j\u00e0 entrepris des travaux de r\u00e9habilitation comme \u00e0 <a href=\"https:\/\/actu.fr\/ile-de-france\/issy-les-moulineaux_92040\" rel=\"nofollow noopener\" target=\"_blank\">Issy-les-Moulineaux<\/a> o\u00f9 une <a href=\"https:\/\/actu.fr\/ile-de-france\/issy-les-moulineaux_92040\/immobilier-face-a-la-crise-du-logement-une-ancienne-clinique-des-hauts-de-seine-transformee-en-appartements_62587877.html\" rel=\"nofollow noopener\" target=\"_blank\">ancienne clinique a \u00e9t\u00e9 <strong>transform\u00e9e en appartements<\/strong><\/a>, ou \u00e0 <a href=\"https:\/\/actu.fr\/ile-de-france\/alfortville_94002\" rel=\"nofollow noopener\" target=\"_blank\">Alfortville<\/a> (<a href=\"https:\/\/actu.fr\/ile-de-france\/val-de-marne_94\" rel=\"nofollow noopener\" target=\"_blank\">Val-de-Marne<\/a>) o\u00f9 des <a href=\"https:\/\/actu.fr\/ile-de-france\/alfortville_94002\/des-boxes-de-parking-transformes-en-logements-sociaux-la-parade-de-cette-commune-du-val-de-marne_62389015.html\" rel=\"nofollow noopener\" target=\"_blank\">box de parking ont \u00e9t\u00e9 transform\u00e9s en logements sociaux<\/a>.<\/p>\n<p class=\" wall-content\">Suivez toute l\u2019actualit\u00e9 de vos villes et m\u00e9dias favoris en vous inscrivant \u00e0 <a href=\"https:\/\/moncompte.actu.fr\" title=\"D\u00e9couvez Mon Actu\" rel=\"nofollow noopener\" data-trk=\"{&quot;cta&quot;:{&quot;action&quot;:&quot;https:\\\/\\\/moncompte.actu.fr&quot;,&quot;category&quot;:&quot;mon compte&quot;,&quot;from&quot;:&quot;article footer&quot;,&quot;name&quot;:&quot;Mon actu&quot;,&quot;type&quot;:&quot;cta&quot;}}\" target=\"_blank\">Mon Actu<\/a>.<\/p>\n","protected":false},"excerpt":{"rendered":"Par Hugo Hancewicz Publi\u00e9 le 3 juin 2025 \u00e0 7h38 \u00c0 l\u2019angle de la rue Hudri, au pied&hellip;\n","protected":false},"author":2,"featured_media":148196,"comment_status":"","ping_status":"","sticky":false,"template":"","format":"standard","meta":{"footnotes":""},"categories":[1888],"tags":[1111,1928,11,1927,1777,674,1011,27,12,1926,626,1925,25,104,2086],"class_list":{"0":"post-148195","1":"post","2":"type-post","3":"status-publish","4":"format-standard","5":"has-post-thumbnail","7":"category-paris","8":"tag-actu","9":"tag-actu-paris","10":"tag-actualites","11":"tag-actualites-paris","12":"tag-eu","13":"tag-europe","14":"tag-fr","15":"tag-france","16":"tag-news","17":"tag-news-paris","18":"tag-paris","19":"tag-paris-news","20":"tag-republique-francaise","21":"tag-societe","22":"tag-travaux"},"share_on_mastodon":{"url":"https:\/\/pubeurope.com\/@fr\/114617910754465066","error":""},"_links":{"self":[{"href":"https:\/\/www.europesays.com\/fr\/wp-json\/wp\/v2\/posts\/148195","targetHints":{"allow":["GET"]}}],"collection":[{"href":"https:\/\/www.europesays.com\/fr\/wp-json\/wp\/v2\/posts"}],"about":[{"href":"https:\/\/www.europesays.com\/fr\/wp-json\/wp\/v2\/types\/post"}],"author":[{"embeddable":true,"href":"https:\/\/www.europesays.com\/fr\/wp-json\/wp\/v2\/users\/2"}],"replies":[{"embeddable":true,"href":"https:\/\/www.europesays.com\/fr\/wp-json\/wp\/v2\/comments?post=148195"}],"version-history":[{"count":0,"href":"https:\/\/www.europesays.com\/fr\/wp-json\/wp\/v2\/posts\/148195\/revisions"}],"wp:featuredmedia":[{"embeddable":true,"href":"https:\/\/www.europesays.com\/fr\/wp-json\/wp\/v2\/media\/148196"}],"wp:attachment":[{"href":"https:\/\/www.europesays.com\/fr\/wp-json\/wp\/v2\/media?parent=148195"}],"wp:term":[{"taxonomy":"category","embeddable":true,"href":"https:\/\/www.europesays.com\/fr\/wp-json\/wp\/v2\/categories?post=148195"},{"taxonomy":"post_tag","embeddable":true,"href":"https:\/\/www.europesays.com\/fr\/wp-json\/wp\/v2\/tags?post=148195"}],"curies":[{"name":"wp","href":"https:\/\/api.w.org\/{rel}","templated":true}]}}