{"id":148197,"date":"2025-06-03T06:01:11","date_gmt":"2025-06-03T06:01:11","guid":{"rendered":"https:\/\/www.europesays.com\/fr\/148197\/"},"modified":"2025-06-03T06:01:11","modified_gmt":"2025-06-03T06:01:11","slug":"discussions-ue-us-mercredi-a-paris-sur-les-droits-de-douane","status":"publish","type":"post","link":"https:\/\/www.europesays.com\/fr\/148197\/","title":{"rendered":"Discussions UE-US mercredi \u00e0 Paris sur les droits de douane"},"content":{"rendered":"<p>\n                                        <b>Par<\/b><br \/>\n                                        <br \/>Reuters\n                                    <\/p>\n<p>\n                                    <b>Publi\u00e9 le<\/b><br \/>\n                                    <\/p>\n<p>                                        3 juin 2025<\/p>\n<p class=\"article-content col-md-8 offset-md-1\">\n                                Le commissaire europ\u00e9en au Commerce Maros Sefcovic rencontrera le repr\u00e9sentant am\u00e9ricain au Commerce Jamieson Greer mercredi \u00e0 Paris afin de pousser plus avant les n\u00e9gociations avec les Etats-Unis sur l&rsquo;imbroglio des droits de douane.<\/p>\n<p><img decoding=\"async\" class=\"news-image\" style=\"width:100%;max-width:800px;\" src=\"https:\/\/www.europesays.com\/fr\/wp-content\/uploads\/2025\/06\/890b.jpg\" alt=\"Le commissaire europ\u00e9en au Commerce Maros Sefcovic\" loading=\"lazy\"\/>Le commissaire europ\u00e9en au Commerce Maros Sefcovic &#8211; Reuters<\/p>\n<p>Cet entretien aura lieu en marge de la r\u00e9union du Conseil minist\u00e9riel de l&rsquo;<a class=\"fnwAddLinks\" href=\"http:\/\/ch.fashionnetwork.com\/tags-ocde\" title=\"OCDE\" target=\"_blank\" rel=\"noopener\">OCDE<\/a> qui se tient les 3 et 4 juin dans la capitale fran\u00e7aise, a pr\u00e9cis\u00e9 un porte-parole de la Commission europ\u00e9enne.<\/p>\n<p>Les Vingt-Sept n&rsquo;ont de cesse de souligner qu&rsquo;ils souhaitent le compromis et non l&rsquo;affrontement dans le dossier hautement inflammable des surtaxes.<\/p>\n<p class=\"col-md-8 offset-md-1 article-content--texte\">\u00ab\u00a0Nous ne voulons pas emprunter la voie des taxes. Plut\u00f4t que de les voir augmenter, nous voulons qu&rsquo;elles baissent ou soient supprim\u00e9es l\u00e0 o\u00f9 c&rsquo;est possible\u00a0\u00bb, a dit le porte-parole lors d&rsquo;une conf\u00e9rence de presse.<\/p>\n<p>\u00ab\u00a0Cela reste notre priorit\u00e9. Nous allons faire valoir notre point de vue avec force cette semaine, autant sur l&rsquo;aspect technique que sur l&rsquo;aspect politique\u00a0\u00bb, a-t-il ajout\u00e9.<\/p>\n<p>L&rsquo;Union europ\u00e9enne a \u00e9t\u00e9 la cible d&rsquo;une s\u00e9rie de droits de douane de la part des Etats-Unis depuis l&rsquo;investiture de <a class=\"fnwAddLinks\" href=\"http:\/\/ch.fashionnetwork.com\/tags-donald-trump\" title=\"Donald Trump\" target=\"_blank\" rel=\"noopener\">Donald Trump<\/a> le 20 janvier\u00a0: 25% sur l&rsquo;acier et l&rsquo;aluminium (mars) &#8211; taux qui devrait \u00eatre port\u00e9 mercredi \u00e0 50% -, 25% sur les automobiles et 20% sur tous les autres biens de l&rsquo;UE (avril).<\/p>\n<p>Cette derni\u00e8re salve a \u00e9t\u00e9 suspendue jusqu&rsquo;au 9 juillet dans l&rsquo;attente d&rsquo;un potentiel r\u00e8glement. La plupart des autres biens export\u00e9s font l&rsquo;objet d&rsquo;une taxe de 10%.<\/p>\n<p>Bruxelles a d\u00e9clar\u00e9 se r\u00e9server la possibilit\u00e9 de contre-mesures d&rsquo;ici au 14 juillet si les circonstances l&rsquo;exigent.<\/p>\n<p>(R\u00e9dig\u00e9 par Benoit Van Overstraeten, version fran\u00e7aise Benjamin Mallet et Sophie Louet, \u00e9dit\u00e9 par Blandine H\u00e9nault)\n                            <\/p>\n<p>\n                                \u00a9 Thomson Reuters 2025 All rights reserved.\n                            <\/p>\n","protected":false},"excerpt":{"rendered":"Par Reuters Publi\u00e9 le 3 juin 2025 Le commissaire europ\u00e9en au Commerce Maros Sefcovic rencontrera le repr\u00e9sentant am\u00e9ricain&hellip;\n","protected":false},"author":2,"featured_media":148198,"comment_status":"","ping_status":"","sticky":false,"template":"","format":"standard","meta":{"footnotes":""},"categories":[1888],"tags":[1111,1928,11,1927,2424,537,2423,75,1777,674,1011,27,2425,985,12,1926,27745,2298,626,1925,2426,2427,25,2421,2422],"class_list":{"0":"post-148197","1":"post","2":"type-post","3":"status-publish","4":"format-standard","5":"has-post-thumbnail","7":"category-paris","8":"tag-actu","9":"tag-actu-paris","10":"tag-actualites","11":"tag-actualites-paris","12":"tag-beaute","13":"tag-contact","14":"tag-cosmetiques","15":"tag-donald-trump","16":"tag-eu","17":"tag-europe","18":"tag-fr","19":"tag-france","20":"tag-luxe","21":"tag-mode","22":"tag-news","23":"tag-news-paris","24":"tag-ocde","25":"tag-parfum","26":"tag-paris","27":"tag-paris-news","28":"tag-professionnel","29":"tag-professionnels","30":"tag-republique-francaise","31":"tag-reseau","32":"tag-textile"},"share_on_mastodon":{"url":"https:\/\/pubeurope.com\/@fr\/114617914739698983","error":""},"_links":{"self":[{"href":"https:\/\/www.europesays.com\/fr\/wp-json\/wp\/v2\/posts\/148197","targetHints":{"allow":["GET"]}}],"collection":[{"href":"https:\/\/www.europesays.com\/fr\/wp-json\/wp\/v2\/posts"}],"about":[{"href":"https:\/\/www.europesays.com\/fr\/wp-json\/wp\/v2\/types\/post"}],"author":[{"embeddable":true,"href":"https:\/\/www.europesays.com\/fr\/wp-json\/wp\/v2\/users\/2"}],"replies":[{"embeddable":true,"href":"https:\/\/www.europesays.com\/fr\/wp-json\/wp\/v2\/comments?post=148197"}],"version-history":[{"count":0,"href":"https:\/\/www.europesays.com\/fr\/wp-json\/wp\/v2\/posts\/148197\/revisions"}],"wp:featuredmedia":[{"embeddable":true,"href":"https:\/\/www.europesays.com\/fr\/wp-json\/wp\/v2\/media\/148198"}],"wp:attachment":[{"href":"https:\/\/www.europesays.com\/fr\/wp-json\/wp\/v2\/media?parent=148197"}],"wp:term":[{"taxonomy":"category","embeddable":true,"href":"https:\/\/www.europesays.com\/fr\/wp-json\/wp\/v2\/categories?post=148197"},{"taxonomy":"post_tag","embeddable":true,"href":"https:\/\/www.europesays.com\/fr\/wp-json\/wp\/v2\/tags?post=148197"}],"curies":[{"name":"wp","href":"https:\/\/api.w.org\/{rel}","templated":true}]}}