{"id":148206,"date":"2025-06-03T06:06:12","date_gmt":"2025-06-03T06:06:12","guid":{"rendered":"https:\/\/www.europesays.com\/fr\/148206\/"},"modified":"2025-06-03T06:06:12","modified_gmt":"2025-06-03T06:06:12","slug":"les-versements-des-mexicains-installes-aux-usa-a-leurs-proches-ont-baisse-sur-fond-de-pression-anti-migratoire","status":"publish","type":"post","link":"https:\/\/www.europesays.com\/fr\/148206\/","title":{"rendered":"Les versements des Mexicains install\u00e9s aux USA \u00e0 leurs proches ont baiss\u00e9 sur fond de pression anti-migratoire"},"content":{"rendered":"<p class=\"fig-paragraph\">Les envois d&rsquo;argent des\u00a0<a href=\"http:\/\/www.lefigaro.fr\/flash-eco\/aucune-raison-de-fermer-la-frontiere-le-mexique-juge-injustes-les-restrictions-a-l-exportation-du-betail-aux-etats-unis-20250513\" data-fig-type=\"NewsFlash\" data-gtm-custom-categorie=\"navigation\" data-gtm-custom-action=\"crossclick\" data-gtm-custom-label=\"Contextuel\" data-gtm-event=\"customEventSPE\" data-fig-domain=\"LEFIGARO\" target=\"_blank\" rel=\"noopener\">Mexicains\u00a0<\/a>install\u00e9s aux \u00c9tats-Unis \u00e0 leurs proches rest\u00e9s au pays ont recul\u00e9 de 12% en avril, sur fond de croisade anti-migrants de l&rsquo;administration Trump, a indiqu\u00e9 lundi la Banque centrale. Les \u00abremesas\u00bb (envoi d&rsquo;argent de l&rsquo;\u00e9tranger), ont atteint 4,761 milliards de dollars en avril, avec un recul de 8,1% des envois et de 4,4% de la valeur moyenne des envois, a d\u00e9taill\u00e9 la Banque centrale (Banxico) dans un communiqu\u00e9.<\/p>\n<p class=\"fig-paragraph\">Au Mexique, ces versements ont repr\u00e9sent\u00e9 un volume de 64,7 milliards de dollars en 2024, soit 3,5% du PIB. Plus de 95% des \u00abremesas\u00bb viennent des \u00c9tats-Unis. Le gouvernement de gauche s&rsquo;inqui\u00e8te d&rsquo;un projet de taxe \u00e0 3,5% des \u00abremesas\u00bb que le Congr\u00e8s des \u00c9tats-Unis a adopt\u00e9 et transmis au S\u00e9nat. Des s\u00e9nateurs mexicains vont retourner \u00e0 Washington pour convaincre leurs homologues am\u00e9ricains de ne pas adopter la mesure.<\/p>\n<p class=\"fig-paragraph\">Le pr\u00e9sident am\u00e9ricain Donald Trump a promis la plus grande campagne \u00abd&rsquo;expulsions massives\u00bb de r\u00e9fugi\u00e9s sans papier depuis son retour au pouvoir le 20 janvier 2025. \u00c0 New York, des agences d&rsquo;envoi d&rsquo;argent, des restaurants et magasins de v\u00eatements ont vu une baisse de leur activit\u00e9 entre 40% \u00e0 60% dans le quartier Corona, dans le Queens, fief d&rsquo;une importante communaut\u00e9 latino-am\u00e9ricaine.<\/p>\n","protected":false},"excerpt":{"rendered":"Les envois d&rsquo;argent des\u00a0Mexicains\u00a0install\u00e9s aux \u00c9tats-Unis \u00e0 leurs proches rest\u00e9s au pays ont recul\u00e9 de 12% en avril,&hellip;\n","protected":false},"author":2,"featured_media":148207,"comment_status":"","ping_status":"","sticky":false,"template":"","format":"standard","meta":{"footnotes":""},"categories":[1589],"tags":[1111,47,11,1117,1109,1112,636,75,341,257,73,1866,632,1108,107,1106,1107,1119,1116,1110,1114,500,5697,12,1113,1118,137,401,1115,1864,1865,1863,308],"class_list":{"0":"post-148206","1":"post","2":"type-post","3":"status-publish","4":"format-standard","5":"has-post-thumbnail","7":"category-etats-unis","8":"tag-actu","9":"tag-actualite","10":"tag-actualites","11":"tag-assurance","12":"tag-breves","13":"tag-depeches","14":"tag-devises","15":"tag-donald-trump","16":"tag-emploi","17":"tag-entreprise","18":"tag-etats-unis","19":"tag-etats-unis-damerique","20":"tag-fcp","21":"tag-fil","22":"tag-fil-info","23":"tag-flash","24":"tag-flash-actu","25":"tag-formation","26":"tag-immobilier","27":"tag-informations","28":"tag-infos","29":"tag-medias","30":"tag-mexique","31":"tag-news","32":"tag-nouvelles","33":"tag-placement","34":"tag-retraite","35":"tag-sicav","36":"tag-taux","37":"tag-united-states","38":"tag-united-states-of-america","39":"tag-us","40":"tag-usa"},"share_on_mastodon":{"url":"https:\/\/pubeurope.com\/@fr\/114617934345078422","error":""},"_links":{"self":[{"href":"https:\/\/www.europesays.com\/fr\/wp-json\/wp\/v2\/posts\/148206","targetHints":{"allow":["GET"]}}],"collection":[{"href":"https:\/\/www.europesays.com\/fr\/wp-json\/wp\/v2\/posts"}],"about":[{"href":"https:\/\/www.europesays.com\/fr\/wp-json\/wp\/v2\/types\/post"}],"author":[{"embeddable":true,"href":"https:\/\/www.europesays.com\/fr\/wp-json\/wp\/v2\/users\/2"}],"replies":[{"embeddable":true,"href":"https:\/\/www.europesays.com\/fr\/wp-json\/wp\/v2\/comments?post=148206"}],"version-history":[{"count":0,"href":"https:\/\/www.europesays.com\/fr\/wp-json\/wp\/v2\/posts\/148206\/revisions"}],"wp:featuredmedia":[{"embeddable":true,"href":"https:\/\/www.europesays.com\/fr\/wp-json\/wp\/v2\/media\/148207"}],"wp:attachment":[{"href":"https:\/\/www.europesays.com\/fr\/wp-json\/wp\/v2\/media?parent=148206"}],"wp:term":[{"taxonomy":"category","embeddable":true,"href":"https:\/\/www.europesays.com\/fr\/wp-json\/wp\/v2\/categories?post=148206"},{"taxonomy":"post_tag","embeddable":true,"href":"https:\/\/www.europesays.com\/fr\/wp-json\/wp\/v2\/tags?post=148206"}],"curies":[{"name":"wp","href":"https:\/\/api.w.org\/{rel}","templated":true}]}}