{"id":14821,"date":"2025-04-10T11:21:28","date_gmt":"2025-04-10T11:21:28","guid":{"rendered":"https:\/\/www.europesays.com\/fr\/14821\/"},"modified":"2025-04-10T11:21:28","modified_gmt":"2025-04-10T11:21:28","slug":"souad-et-mario-romero-familles-nombreuses-rencontrent-une-star-du-rap-a-paris-et-immortalisent-le-moment","status":"publish","type":"post","link":"https:\/\/www.europesays.com\/fr\/14821\/","title":{"rendered":"Souad et Mario Romero (Familles nombreuses) rencontrent une star du rap \u00e0 Paris et immortalisent le moment"},"content":{"rendered":"<p class=\"articleContent-meta\">\n        Aujourd&rsquo;hui \u00e0 10:30 &#8211; par             Sorelle Spet<\/p>\n<p>                    Tweeter<\/p>\n<p>                    Partager sur Facebook<\/p>\n<p>                        <img decoding=\"async\" src=\"https:\/\/www.europesays.com\/fr\/wp-content\/uploads\/2025\/04\/familles-nombreuses-qui-sont-les-romero.jpg\" alt=\"Player Video\" class=\"player-applyRatio poster exclude-seedtag\"\/><\/p>\n<p>Mercredi 9 avril, alors qu\u2019ils retrouvaient leur tribu apr\u00e8s un s\u00e9jour \u00e0 Paris, Souad et Mario Romero ont crois\u00e9 la route d\u2019un c\u00e9l\u00e8bre artiste fran\u00e7ais.<\/p>\n<p>M\u00eame si les ann\u00e9es passent, les Romero <a href=\"https:\/\/www.programme.tv\/news\/actu\/240726-souad-romero-familles-nombreuses-sublime-pour-son-anniversaire-elle-degaine-une-tenue-pailletee-inattendue\/\" rel=\"nofollow noopener\" target=\"_blank\">ne perdent rien de leur superbe<\/a>. Dans la neuvi\u00e8me saison de Familles nombreuses : la vie en XXL ou sur les r\u00e9seaux sociaux, <a href=\"https:\/\/www.programme.tv\/news\/actu\/240718-ensemble-on-est-plus-fort-souad-romero-familles-nombreuses-tres-emue-par-le-cadeau-de-son-mari-mario-pour-ses-40-ans\/\" rel=\"nofollow noopener\" target=\"_blank\">la tribu dirig\u00e9e par Souad et Mario<\/a> suscite toujours autant d\u2019engouement du c\u00f4t\u00e9 des fans. Et le clan n\u2019a d\u2019ailleurs pas fini de faire parler de lui ! En f\u00e9vrier dernier, la m\u00e8re de famille que l\u2019on surnomme \u00ab\u00a0Soussou\u00a0\u00bb a annonc\u00e9 la sortie prochaine d\u2019<a href=\"https:\/\/www.programme.tv\/news\/actu\/239548-un-reve-qui-se-concretise-souad-romero-familles-nombreuses-annonce-la-sortie-dun-nouveau-projet-qui-fait-le-bonheur-de-ses-fans\/\" rel=\"nofollow noopener\" target=\"_blank\">un projet qui lui tient particuli\u00e8rement \u00e0 c\u0153ur<\/a> : son propre ouvrage intitul\u00e9 Les Astuces de Soussou. Les lecteurs pourront ainsi d\u00e9couvrir les nombreuses m\u00e9thodes de la matriarche pour <a href=\"https:\/\/www.programme.tv\/news\/actu\/234394-cest-lastuce-de-lete-souad-romero-familles-nombreuses-devoile-son-astuce-pour-nettoyer-des-baskets-blanches\/\" rel=\"nofollow noopener\" target=\"_blank\">redonner vie \u00e0 des baskets blanches <\/a>qui auraient vir\u00e9 au gris, entretenir une cuisine, une salle de bain et on en passe\u2026<\/p>\n<p>Souad et Mario Romero (Familles nombreuses) d\u00e9voilent les coulisses de leur rencontre inattendue avec une c\u00e9l\u00e9brit\u00e9<\/p>\n<p>Cette semaine, Souad et Mario Romero ont d\u00e9cid\u00e9 de changer d\u2019air. Pour des raisons professionnelles, les chefs de tribu ont quitt\u00e9 leur sud ador\u00e9 pour se rendre dans la capitale. \u00c0 cette occasion, les participants stars du docu-r\u00e9alit\u00e9 de TF1 ont retrouv\u00e9 une autre tribu avec laquelle ils ont tiss\u00e9 des liens d\u2019amiti\u00e9, \u00c9milie et Franck Fanich. Si ces quelques jours loin de leur routine ont fait le plus grand bien aux parents de cinq enfants, l\u2019heure est cependant venue de rentrer. Mercredi 9 avril, alors qu\u2019ils s\u2019appr\u00eataient \u00e0 prendre leur train retour, Souad et Mario ont crois\u00e9\u2026 Soprano ! Enjou\u00e9 par cette rencontre inopin\u00e9e, Mario n\u2019a pas manqu\u00e9 de partager cet instant en story Instagram. \u00ab\u00a0<b>J\u2019ai crois\u00e9 les parents Romero par hasard et j\u2019\u00e9tais oblig\u00e9 de leur faire un coucou. J\u2019en profite pour faire plein de bises \u00e0 tout le monde et \u00e0 toute la famille, vous d\u00e9chirez !<\/b>\u00ab\u00a0, a d\u00e9clar\u00e9 le chanteur.<\/p>\n<p>                                    Familles nombreuses, la vie en XXL : les Romero et les Fanich c\u00e9l\u00e8brent leurs retrouvailles<\/p>\n<p>Comment ne pas citer les Romero et les Fanich lorsque l\u2019on \u00e9voque les tribus embl\u00e9matiques du docu-r\u00e9alit\u00e9 de TF1 ? Les quatre chefs de famille se sont d\u2019ailleurs retrouv\u00e9s \u00e0 l\u2019occasion du passage de Souad et Mario \u00e0 Paris. Ces retrouvailles, \u00c9milie et Franck n\u2019ont d\u2019ailleurs pas manqu\u00e9 de les documenter sur leur compte Instagram. Ainsi, les internautes ont pu d\u00e9couvrir le superbe restaurant que Souad leur a d\u00e9nich\u00e9 et qui a visiblement convaincu tout le monde ! Et pour r\u00e9sumer cette soir\u00e9e marqu\u00e9e par les rires, la complicit\u00e9 et les rencontres avec des fans, le couple Fanich a \u00e9crit en l\u00e9gende d\u2019une vid\u00e9o publi\u00e9e sur la Toile : \u00ab\u00a0<b>Quand deux familles nombreuses se retrouvent (presque) sans les enfants. [&#8230;] \u00c7a donne un restaurant, une belle amiti\u00e9 et toujours cette belle complicit\u00e9 !<\/b>\u00a0\u00bb Qui a visiblement fait la joie des internautes.<\/p>\n<p>Article \u00e9crit avec la collaboration de 6Medias.<\/p>\n<p>Rejoignez-nous sur Google News !<\/p>\n<p class=\"articleContent-pushTagline\">Abonnez-vous \u00e0 <a href=\"https:\/\/news.google.com\/publications\/CAAiEJwr-IZFXDFoZD1ePbkC_VcqFAgKIhCcK_iGRVwxaGQ9Xj25Av1X\" rel=\"nofollow noopener\" target=\"_blank\">T\u00e9l\u00e9 2 semaines sur Google News<\/a> pour ne manquer aucune info !<\/p>\n","protected":false},"excerpt":{"rendered":"Aujourd&rsquo;hui \u00e0 10:30 &#8211; par Sorelle Spet Tweeter Partager sur Facebook Mercredi 9 avril, alors qu\u2019ils retrouvaient leur&hellip;\n","protected":false},"author":2,"featured_media":14822,"comment_status":"","ping_status":"","sticky":false,"template":"","format":"standard","meta":{"footnotes":""},"categories":[1888],"tags":[1111,1928,11,1927,4548,1777,674,6320,4980,1011,27,6321,12,1926,626,1925,25,682,199,3604,6322],"class_list":{"0":"post-14821","1":"post","2":"type-post","3":"status-publish","4":"format-standard","5":"has-post-thumbnail","7":"category-paris","8":"tag-actu","9":"tag-actu-paris","10":"tag-actualites","11":"tag-actualites-paris","12":"tag-channel_tl-story","13":"tag-eu","14":"tag-europe","15":"tag-famille-romero","16":"tag-familles-nombreuses-la-vie-en-xxl","17":"tag-fr","18":"tag-france","19":"tag-guid_6280131613001","20":"tag-news","21":"tag-news-paris","22":"tag-paris","23":"tag-paris-news","24":"tag-republique-francaise","25":"tag-tele-realite","26":"tag-tf1","27":"tag-tu00e9lu00e9-ru00e9alitu00e9","28":"tag-uuid_089ffd21-936d-43d2-b140-0d30ea4119e9"},"share_on_mastodon":{"url":"https:\/\/pubeurope.com\/@fr\/114313408246469788","error":""},"_links":{"self":[{"href":"https:\/\/www.europesays.com\/fr\/wp-json\/wp\/v2\/posts\/14821","targetHints":{"allow":["GET"]}}],"collection":[{"href":"https:\/\/www.europesays.com\/fr\/wp-json\/wp\/v2\/posts"}],"about":[{"href":"https:\/\/www.europesays.com\/fr\/wp-json\/wp\/v2\/types\/post"}],"author":[{"embeddable":true,"href":"https:\/\/www.europesays.com\/fr\/wp-json\/wp\/v2\/users\/2"}],"replies":[{"embeddable":true,"href":"https:\/\/www.europesays.com\/fr\/wp-json\/wp\/v2\/comments?post=14821"}],"version-history":[{"count":0,"href":"https:\/\/www.europesays.com\/fr\/wp-json\/wp\/v2\/posts\/14821\/revisions"}],"wp:featuredmedia":[{"embeddable":true,"href":"https:\/\/www.europesays.com\/fr\/wp-json\/wp\/v2\/media\/14822"}],"wp:attachment":[{"href":"https:\/\/www.europesays.com\/fr\/wp-json\/wp\/v2\/media?parent=14821"}],"wp:term":[{"taxonomy":"category","embeddable":true,"href":"https:\/\/www.europesays.com\/fr\/wp-json\/wp\/v2\/categories?post=14821"},{"taxonomy":"post_tag","embeddable":true,"href":"https:\/\/www.europesays.com\/fr\/wp-json\/wp\/v2\/tags?post=14821"}],"curies":[{"name":"wp","href":"https:\/\/api.w.org\/{rel}","templated":true}]}}