{"id":148214,"date":"2025-06-03T06:10:21","date_gmt":"2025-06-03T06:10:21","guid":{"rendered":"https:\/\/www.europesays.com\/fr\/148214\/"},"modified":"2025-06-03T06:10:21","modified_gmt":"2025-06-03T06:10:21","slug":"la-commission-europeenne-evalue-les-plans-energie-climat-des-etats-membres-actu-environnement","status":"publish","type":"post","link":"https:\/\/www.europesays.com\/fr\/148214\/","title":{"rendered":"La Commission europ\u00e9enne \u00e9value les plans \u00e9nergie-climat des \u00c9tats membres &#8211; Actu-Environnement"},"content":{"rendered":"<ol>\n<li><a href=\"https:\/\/news.google.com\/rss\/articles\/CBMilAFBVV95cUxNczFfeTc1UEN5LWZfSzM0T2pPeGl2M2gyYjZnZGk0bzZiRmx5VFJGaHVhamhENzZXSGtYaXBJYkNheW4zME11dDN6OGhtM2JINm5MbHNOTEpobkVnWHpvNjVzR1pwdEtmbnFELS1nOFFHelhBc3A1OUZQaUsxVUx6ekd1S3FjbmtaQ3drQjg0VUM0QWxF?oc=5\" target=\"_blank\" rel=\"noopener\">La Commission europ\u00e9enne \u00e9value les plans \u00e9nergie-climat des \u00c9tats membres<\/a>&nbsp;&nbsp;Actu-Environnement<\/li>\n<li><a href=\"https:\/\/news.google.com\/rss\/articles\/CBMi3AFBVV95cUxNSi1zMjFiQk55UVVtZWZlZEFXdnNYV3VONFByWWwxSFFnNFVrVW1lR193cm85RDNaLWlhMmdSaUdkVHh1a3luS2dBenpzNTlEY0kwd1dUQkhJZjBad1dwMmZrTUhoTXhLcmEzeUhWeWg3RXd4QWFMQWZ6TWN6bTdWZy0yWGo5QVBNc1hObXNSVEVHaW84M0ZRWVdMdmN4dlMzdWJmN2FfNHc0Ul8xRENCMWpIQkRhRFZEYVo4bUNqdXNBSDBYcHBDUVo5QllXTEMwVHFwWmJmMXhTQ21n?oc=5\" target=\"_blank\" rel=\"noopener\">EDF, Ikea&#8230; Pour le climat, une centaine d\u2019entreprises envoient un appel rare \u00e0 l\u2019UE<\/a>&nbsp;&nbsp;Le HuffPost<\/li>\n<li><a href=\"https:\/\/news.google.com\/rss\/articles\/CBMi4wFBVV95cUxPcld0cV9zbmU0cWpBX2d5S0M3TGZ5U3pXWDVNMlQyRkY5dFpjNXQ3c2EtXzVvamxaZUd2OVVCYVZWT0R0MHNQTGY4MzB5dmNiRV9zOHU2QndGYTFxdHVid090eEJjbWlqTGt5Z2tJR2ZjdjdLM05zNVU3VWVoakJzc3JYeDdxbVQ2WDlRMXRxaG5uVjNKeng5Tms2OEx6SFZ4YmRxQWpUNHNsUGR1STVXb3NPclJBSU1iYi1aaTlTTHM2eG5qN2ZYaGFXQXRZMEFJSk5kRVNfSnRkSlZGYnN5cEtlSQ?oc=5\" target=\"_blank\" rel=\"noopener\">L\u2019Union europ\u00e9enne pourrait atteindre ses objectifs de baisse des \u00e9missions de CO2 pour 2030<\/a>&nbsp;&nbsp;Le Monde.fr<\/li>\n<li><a href=\"https:\/\/news.google.com\/rss\/articles\/CBMiqwFBVV95cUxQeldSaTRnOFlCMnJwRnNiUFM4MUNuRXlObFJsQ25fU0ZBMTlvcUVTNVNVN2M0bHpVVnNvdFl0UzkyQnRPRWxDZk5jXzZ0RUdabG5QVWlldzRtVkE3bnZDcGhTcFd5aGthTUNTeWZ0VUZFVFRKV2YyZmVKQlhqZkk2YUFQNno5SE9WQU9iVXlCUWNQRi1UNjR2V3I1eVpfQlhGQVRHdkRVaFYteTg?oc=5\" target=\"_blank\" rel=\"noopener\">Les temps forts de la semaine du 2 juin 2025 en d\u00e9veloppement durable<\/a>&nbsp;&nbsp;AEF info<\/li>\n<li><a href=\"https:\/\/news.google.com\/rss\/articles\/CBMiywFBVV95cUxNeXB6LWdjUHNyb0tiNFNUS3YwQUd1N2VkMlFlcXVkMWY2UVFJTHBUeXh5cUxjLWFZVHRXZ2lBeXkxN0FkS3dBSGo3VWF6eTh2czhEczBRamFIWnA2SFNLNW9PTUdQXzhBdmZ4MHlBV0x0QUZGSkR6bkRQWWdDRXVnUGdoY1VMSVo0WnN6R1BGN0oxQVRDdV9vVkFzYzZ6WnpwWnA0VEo5cWtQTkJUSzR5bEVydkNEb3AtZnpFSjZFSkdHQW1GSWdVSzRkdw?oc=5\" target=\"_blank\" rel=\"noopener\">Malgr\u00e9 des lacunes, l\u2019UE \u00ab en bonne voie \u00bb pour atteindre son objectif climatique 2030<\/a>&nbsp;&nbsp;Contexte<\/li>\n<\/ol>\n","protected":false},"excerpt":{"rendered":"La Commission europ\u00e9enne \u00e9value les plans \u00e9nergie-climat des \u00c9tats membres&nbsp;&nbsp;Actu-Environnement EDF, Ikea&#8230; Pour le climat, une centaine d\u2019entreprises&hellip;\n","protected":false},"author":2,"featured_media":148215,"comment_status":"","ping_status":"","sticky":false,"template":"","format":"standard","meta":{"footnotes":""},"categories":[1586],"tags":[21806,14427,21809,21810,1111,21805,47,11,4763,2965,2813,21811,21807,21804,21808,21818,4858,51,893,436,18315,1777,674,1779,1011,27,21813,21815,6417,12,6334,21812,1800,4048,21816,21814,3887,25,4510,17429,895,1778,364,21817],"class_list":{"0":"post-148214","1":"post","2":"type-post","3":"status-publish","4":"format-standard","5":"has-post-thumbnail","7":"category-europe","8":"tag-cologie","9":"tag-nergie","10":"tag-nergies-renouvelables","11":"tag-olien","12":"tag-actu","13":"tag-actualit","14":"tag-actualite","15":"tag-actualites","16":"tag-agenda","17":"tag-air","18":"tag-article","19":"tag-biomasse","20":"tag-dchet","21":"tag-dveloppement-durable","22":"tag-dechet","23":"tag-e-zine","24":"tag-eau","25":"tag-ecologie","26":"tag-energie","27":"tag-environnement","28":"tag-eolien","29":"tag-eu","30":"tag-europe","31":"tag-european-union","32":"tag-fr","33":"tag-france","34":"tag-hse","35":"tag-hygine","36":"tag-information","37":"tag-news","38":"tag-newsletter","39":"tag-photovoltaique","40":"tag-pollution","41":"tag-presse","42":"tag-propret","43":"tag-qse","44":"tag-recyclage","45":"tag-republique-francaise","46":"tag-risque","47":"tag-sol","48":"tag-solaire","49":"tag-ue","50":"tag-union-europeenne","51":"tag-webzine"},"share_on_mastodon":{"url":"","error":"Validation failed: Text character limit of 500 exceeded"},"_links":{"self":[{"href":"https:\/\/www.europesays.com\/fr\/wp-json\/wp\/v2\/posts\/148214","targetHints":{"allow":["GET"]}}],"collection":[{"href":"https:\/\/www.europesays.com\/fr\/wp-json\/wp\/v2\/posts"}],"about":[{"href":"https:\/\/www.europesays.com\/fr\/wp-json\/wp\/v2\/types\/post"}],"author":[{"embeddable":true,"href":"https:\/\/www.europesays.com\/fr\/wp-json\/wp\/v2\/users\/2"}],"replies":[{"embeddable":true,"href":"https:\/\/www.europesays.com\/fr\/wp-json\/wp\/v2\/comments?post=148214"}],"version-history":[{"count":0,"href":"https:\/\/www.europesays.com\/fr\/wp-json\/wp\/v2\/posts\/148214\/revisions"}],"wp:featuredmedia":[{"embeddable":true,"href":"https:\/\/www.europesays.com\/fr\/wp-json\/wp\/v2\/media\/148215"}],"wp:attachment":[{"href":"https:\/\/www.europesays.com\/fr\/wp-json\/wp\/v2\/media?parent=148214"}],"wp:term":[{"taxonomy":"category","embeddable":true,"href":"https:\/\/www.europesays.com\/fr\/wp-json\/wp\/v2\/categories?post=148214"},{"taxonomy":"post_tag","embeddable":true,"href":"https:\/\/www.europesays.com\/fr\/wp-json\/wp\/v2\/tags?post=148214"}],"curies":[{"name":"wp","href":"https:\/\/api.w.org\/{rel}","templated":true}]}}