{"id":148224,"date":"2025-06-03T06:17:13","date_gmt":"2025-06-03T06:17:13","guid":{"rendered":"https:\/\/www.europesays.com\/fr\/148224\/"},"modified":"2025-06-03T06:17:13","modified_gmt":"2025-06-03T06:17:13","slug":"dans-un-grand-jour-alexander-bublik-trop-fort-pour-jack-draper","status":"publish","type":"post","link":"https:\/\/www.europesays.com\/fr\/148224\/","title":{"rendered":"dans un grand jour, Alexander Bublik trop fort pour Jack Draper"},"content":{"rendered":"<p>Ce lundi, le Kazakh a cr\u00e9\u00e9 la surprise en \u00e9liminant le Britannique, 5e mondial, en quatre sets (5-7, 6-3, 6-2, 6-4) pour rejoindre les quarts de finale.<\/p>\n<p class=\"fig-paragraph\">Ph\u00e9nom\u00e9nal. Alexander Bublik\u00a0<a href=\"https:\/\/www.lefigaro.fr\/sports\/tennis\/atp\/classement\" target=\"_blank\" rel=\"noopener\" data-gtm-custom-categorie=\"navigation\" data-gtm-custom-action=\"crossclick\" data-gtm-custom-label=\"Contextuel\" data-gtm-event=\"customEventSPE\">(62e mondial)<\/a>\u00a0s&rsquo;est qualifi\u00e9 lundi pour son premier quart de finale \u00e0 Roland-Garros en battant Jack Draper (5e) en quatre sets, 5-7, 6-3, 6-2, 6-4.<\/p>\n<p class=\"fig-paragraph\">Le Kazakh, ex-17e mondial, n&rsquo;avait jamais atteint ce stade en Grand Chelem. Il affrontera pour une place en demi-finale le vainqueur du match opposant dans la soir\u00e9e le N.1 mondial italien Jannik Sinner et le Russe Andrey Rublev (17e).<\/p>\n<p class=\"fig-paragraph\">Vainqueur\u00a0<a href=\"http:\/\/www.lefigaro.fr\/sports\/tennis\/tennis-draper-bat-rune-en-finale-et-remporte-le-masters-1000-d-indian-wells-20250316\" data-fig-type=\"NewsFlash\" data-gtm-custom-categorie=\"navigation\" data-gtm-custom-action=\"crossclick\" data-gtm-custom-label=\"Contextuel\" data-gtm-event=\"customEventSPE\" data-fig-domain=\"LEFIGARO\" target=\"_blank\" rel=\"noopener\">du Masters 1000 d&rsquo;Indian Wells en mars<\/a>, le Britannique, tr\u00e8s solide sur son service en d\u00e9but de rencontre, a remport\u00e9 un premier set tr\u00e8s accroch\u00e9, conclu par un service-vol\u00e9e sur une deuxi\u00e8me balle. Bublik, soucieux de ne pas engager de longs \u00e9changes face au costaud gaucher, l&rsquo;a compl\u00e8tement \u00e9c\u0153ur\u00e9 \u00e0 partir de la deuxi\u00e8me manche en l&rsquo;arrosant d&rsquo;amorties gagnantes, tout en se montrant plus pr\u00e9cis depuis le fond du court.<\/p>\n<p class=\"fig-paragraph\">Frustr\u00e9, Draper s&rsquo;est montr\u00e9 moins efficace sur son service et sur son coup droit, ses deux atouts majeurs, c\u00e9dant notamment le troisi\u00e8me set sur une double faute. Bublik a entam\u00e9 le quatri\u00e8me acte d\u00e9cisif par un jeu blanc sur le service de Draper, qui a eu cinq balles d&rsquo;\u00e9galisation \u00e0 5-5, mais le Kazakh a finalement conclu par un service gagnant sur sa deuxi\u00e8me balle de match.<\/p>\n","protected":false},"excerpt":{"rendered":"Ce lundi, le Kazakh a cr\u00e9\u00e9 la surprise en \u00e9liminant le Britannique, 5e mondial, en quatre sets (5-7,&hellip;\n","protected":false},"author":2,"featured_media":148225,"comment_status":"","ping_status":"","sticky":false,"template":"","format":"standard","meta":{"footnotes":""},"categories":[1415],"tags":[4169,105,2199,1011,27,24473,1960,24472,4171,60,1467,4170],"class_list":{"0":"post-148224","1":"post","2":"type-post","3":"status-publish","4":"format-standard","5":"has-post-thumbnail","7":"category-tennis","8":"tag-atp","9":"tag-djokovic","10":"tag-federer","11":"tag-fr","12":"tag-france","13":"tag-internationaux-de-france","14":"tag-nadal","15":"tag-rg","16":"tag-roland-garros","17":"tag-sports","18":"tag-tennis","19":"tag-wta"},"share_on_mastodon":{"url":"https:\/\/pubeurope.com\/@fr\/114617977607278163","error":""},"_links":{"self":[{"href":"https:\/\/www.europesays.com\/fr\/wp-json\/wp\/v2\/posts\/148224","targetHints":{"allow":["GET"]}}],"collection":[{"href":"https:\/\/www.europesays.com\/fr\/wp-json\/wp\/v2\/posts"}],"about":[{"href":"https:\/\/www.europesays.com\/fr\/wp-json\/wp\/v2\/types\/post"}],"author":[{"embeddable":true,"href":"https:\/\/www.europesays.com\/fr\/wp-json\/wp\/v2\/users\/2"}],"replies":[{"embeddable":true,"href":"https:\/\/www.europesays.com\/fr\/wp-json\/wp\/v2\/comments?post=148224"}],"version-history":[{"count":0,"href":"https:\/\/www.europesays.com\/fr\/wp-json\/wp\/v2\/posts\/148224\/revisions"}],"wp:featuredmedia":[{"embeddable":true,"href":"https:\/\/www.europesays.com\/fr\/wp-json\/wp\/v2\/media\/148225"}],"wp:attachment":[{"href":"https:\/\/www.europesays.com\/fr\/wp-json\/wp\/v2\/media?parent=148224"}],"wp:term":[{"taxonomy":"category","embeddable":true,"href":"https:\/\/www.europesays.com\/fr\/wp-json\/wp\/v2\/categories?post=148224"},{"taxonomy":"post_tag","embeddable":true,"href":"https:\/\/www.europesays.com\/fr\/wp-json\/wp\/v2\/tags?post=148224"}],"curies":[{"name":"wp","href":"https:\/\/api.w.org\/{rel}","templated":true}]}}