{"id":148234,"date":"2025-06-03T06:23:21","date_gmt":"2025-06-03T06:23:21","guid":{"rendered":"https:\/\/www.europesays.com\/fr\/148234\/"},"modified":"2025-06-03T06:23:21","modified_gmt":"2025-06-03T06:23:21","slug":"vianney-reagit-avec-humour-au-vol-de-la-statue-de-cire-demmanuel-macron-au-musee-grevin","status":"publish","type":"post","link":"https:\/\/www.europesays.com\/fr\/148234\/","title":{"rendered":"Vianney r\u00e9agit avec humour au vol de la statue de cire d&rsquo;Emmanuel Macron au Mus\u00e9e Gr\u00e9vin"},"content":{"rendered":"<p>Ce lundi 2 juin, Vianney a r\u00e9agi avec humour au vol de la statue de cire d&rsquo;Emmanuel Macron. Plus t\u00f4t dans la matin\u00e9e, le double du pr\u00e9sident a, en effet, disparu du mus\u00e9e Gr\u00e9vin. <\/p>\n<p>Ce lundi 2 juin, la statue de cire d&rsquo;Emmanuel Macron a \u00e9t\u00e9 d\u00e9rob\u00e9e au mus\u00e9e Gr\u00e9vin, avant d&rsquo;\u00eatre retrouv\u00e9e quelques heures plus tard dans le 16e arrondissement de Paris. Vianney, <a href=\"https:\/\/www.programme-tv.net\/news\/people\/380047-ce-n-etait-pas-dans-mes-plans-vianney-decouvre-sa-statue-au-musee-grevin-et-revient-sur-cette-soiree-passee-avec-sa-femme-catherine-robert\/\" data-api-deeplink=\"teleloisirs:\/\/news\/380047\" target=\"_blank\" rel=\"noopener\">dont le double de cire vient de faire son entr\u00e9e dans le m\u00eame mus\u00e9e incontournable<\/a>, a r\u00e9agi \u00e0 l&rsquo;enl\u00e8vement de la statue du pr\u00e9sident. En story Instagram, il \u00e9voque avec humour la m\u00e9saventure de la journ\u00e9e pour le double d&rsquo;Emmanuel Macron, en<a href=\"https:\/\/www.programme-tv.net\/news\/musique\/380102-on-va-pieger-les-gens-vianney-se-fait-passer-pour-sa-statue-au-musee-grevin-la-video-est-hilarante\/\" data-api-deeplink=\"teleloisirs:\/\/news\/380102\" target=\"_blank\" rel=\"noopener\"> faisant r\u00e9f\u00e9rence \u00e0 la cam\u00e9ra cach\u00e9e que le chanteur a tourn\u00e9e quelques jours plus t\u00f4t<\/a> dans le lieu touristique pris\u00e9 de la capitale.<\/p>\n<p>Ce lundi 2 juin sur youtube, <a href=\"https:\/\/www.programme-tv.net\/news\/people\/378082-jai-ecrit-cette-chanson-par-amour-vianney-proche-de-florent-pagny-il-devoile-les-coulisses-du-titre-qu-il-a-compose-pour-lui\/\" data-api-deeplink=\"teleloisirs:\/\/news\/378082\" target=\"_blank\" rel=\"noopener\">Vianney<\/a> a d\u00e9voil\u00e9 une cam\u00e9ra cach\u00e9e tourn\u00e9e au sein du mus\u00e9e Gr\u00e9vin. En effet, le chanteur s&rsquo;est amus\u00e9 \u00e0 pi\u00e9ger ses fans en se faisant passer pour sa statue de cire, restant fig\u00e9 au milieu du lieu culturel, ce qui a caus\u00e9 quelques frayeurs aux visiteurs&#8230; En story instagram, <b>l&rsquo;interpr\u00e8te de <\/b><b>Beau-papa<\/b><b> a d&rsquo;ailleurs r\u00e9agi au vol du double de cire d&rsquo;Emmanuel Macron en faisant r\u00e9f\u00e9rence \u00e0 sa farce de la veille : \u00ab\u00a0<\/b><b>Vous inqui\u00e9tez pas, c&rsquo;est la partie 2 de la cam\u00e9ra cach\u00e9e\u00a0\u00bb<\/b>, plaisante-t-il, insinuant qu&rsquo;il \u00e9tait \u00e0 l&rsquo;origine de cette soudaine disparition. Mais Vianney n&rsquo;a bien s\u00fbr pas d\u00e9rob\u00e9 la statue d&rsquo;Emmanuel Macron, puisque l&rsquo;organisation Greenpeace a revendiqu\u00e9 le vol sur les r\u00e9seaux sociaux il y a quelques heures : \u00ab\u00a0Emmanuel Macron n\u2019a rien \u00e0 faire dans un mus\u00e9e de renomm\u00e9e internationale comme le mus\u00e9e Gr\u00e9vin. Nous avons donc d\u00e9cid\u00e9 de le d\u00e9placer symboliquement devant l&rsquo;Ambassade de Russie\u00a0\u00bb. Deux personnes ont \u00e9t\u00e9 interpell\u00e9es depuis.<\/p>\n<p>                        \u00ab\u00a0Ceci n\u2019\u00e9tait pas dans mes plans non plus\u00a0\u00bb : Vianney r\u00e9agit \u00e0 l&rsquo;entr\u00e9e de sa statue au mus\u00e9e Gr\u00e9vin<\/p>\n<p>De nombreuses personnalit\u00e9s \u00e9taient r\u00e9unies lors de la soir\u00e9e d&rsquo;inauguration de la statue de Vianney, le 27 mai dernier&#8230; Parmi celles-ci, <a href=\"https:\/\/www.programme-tv.net\/news\/people\/378776-nikos-aliagas-recoit-un-message-tres-particulier-d-un-membre-d-il-cello-the-voice-2025-le-groupe-forme-par-florent-pagny\/\" data-api-deeplink=\"teleloisirs:\/\/news\/378776\" target=\"_blank\" rel=\"noopener\">Nikos<\/a> a tenu \u00e0 adresser une tendre d\u00e9claration au chanteur. Sur Instagram, apr\u00e8s avoir post\u00e9 plusieurs clich\u00e9s de la star fran\u00e7aise, il \u00e9crit : \u00ab\u00a0Un parcours fulgurant pour un gar\u00e7on dont la simplicit\u00e9 d\u00e9sar\u00e7onne. Rien n\u2019est feint chez lui, il est \u00e0 la ville comme il est \u00e0 la sc\u00e8ne. Un r\u00eaveur, un enchanteur et un jeune homme qui ne ressemble \u00e0 personne d\u2019autre qu\u2019\u00e0 lui-m\u00eame\u00a0\u00bb. De son c\u00f4t\u00e9, Vianney a \u00e9t\u00e9 tr\u00e8s touch\u00e9 par le message et a r\u00e9agi \u00e0 ce moment marquant de sa carri\u00e8re : \u00ab\u00a0Ceci n\u2019\u00e9tait pas dans mes plans non plus. Merci \u00e0 l\u2019acad\u00e9mie du mus\u00e9e Gr\u00e9vin pour cet honneur. Merci aux artisans pour tant de c\u0153ur \u00e0 l\u2019ouvrage. Merci Nikos pour tes mots ce soir-l\u00e0. Merci \u00e0 vous tous qui avez permis cette aventure hors-norme\u00a0\u00bb, a-t-il r\u00e9pondu.<\/p>\n","protected":false},"excerpt":{"rendered":"Ce lundi 2 juin, Vianney a r\u00e9agi avec humour au vol de la statue de cire d&rsquo;Emmanuel Macron.&hellip;\n","protected":false},"author":2,"featured_media":148235,"comment_status":"","ping_status":"","sticky":false,"template":"","format":"standard","meta":{"footnotes":""},"categories":[1359],"tags":[244,58,1073,59,1011,27,27747,973,8475,1630],"class_list":{"0":"post-148234","1":"post","2":"type-post","3":"status-publish","4":"format-standard","5":"has-post-thumbnail","7":"category-people","8":"tag-commentaire","9":"tag-divertissement","10":"tag-emmanuel-macron","11":"tag-entertainment","12":"tag-fr","13":"tag-france","14":"tag-musu00e9e-gru00e9vin","15":"tag-people","16":"tag-vianney","17":"tag-zapping"},"share_on_mastodon":{"url":"https:\/\/pubeurope.com\/@fr\/114618001383342511","error":""},"_links":{"self":[{"href":"https:\/\/www.europesays.com\/fr\/wp-json\/wp\/v2\/posts\/148234","targetHints":{"allow":["GET"]}}],"collection":[{"href":"https:\/\/www.europesays.com\/fr\/wp-json\/wp\/v2\/posts"}],"about":[{"href":"https:\/\/www.europesays.com\/fr\/wp-json\/wp\/v2\/types\/post"}],"author":[{"embeddable":true,"href":"https:\/\/www.europesays.com\/fr\/wp-json\/wp\/v2\/users\/2"}],"replies":[{"embeddable":true,"href":"https:\/\/www.europesays.com\/fr\/wp-json\/wp\/v2\/comments?post=148234"}],"version-history":[{"count":0,"href":"https:\/\/www.europesays.com\/fr\/wp-json\/wp\/v2\/posts\/148234\/revisions"}],"wp:featuredmedia":[{"embeddable":true,"href":"https:\/\/www.europesays.com\/fr\/wp-json\/wp\/v2\/media\/148235"}],"wp:attachment":[{"href":"https:\/\/www.europesays.com\/fr\/wp-json\/wp\/v2\/media?parent=148234"}],"wp:term":[{"taxonomy":"category","embeddable":true,"href":"https:\/\/www.europesays.com\/fr\/wp-json\/wp\/v2\/categories?post=148234"},{"taxonomy":"post_tag","embeddable":true,"href":"https:\/\/www.europesays.com\/fr\/wp-json\/wp\/v2\/tags?post=148234"}],"curies":[{"name":"wp","href":"https:\/\/api.w.org\/{rel}","templated":true}]}}