{"id":148240,"date":"2025-06-03T06:26:11","date_gmt":"2025-06-03T06:26:11","guid":{"rendered":"https:\/\/www.europesays.com\/fr\/148240\/"},"modified":"2025-06-03T06:26:11","modified_gmt":"2025-06-03T06:26:11","slug":"coup-de-genie-ou-coup-de-com","status":"publish","type":"post","link":"https:\/\/www.europesays.com\/fr\/148240\/","title":{"rendered":"coup de g\u00e9nie ou coup de com\u2019 ?"},"content":{"rendered":"<p><strong>D\u00c9CRYPTAGE &#8211;<\/strong> L\u2019\u00e9v\u00e9nement annonc\u00e9 de longue date intervient dans l\u2019\u00e9pisode diffus\u00e9 mardi soir sur TF1. Les t\u00e9l\u00e9spectateurs jugeront si ce fait de jeu fait partie des plus incroyables de \u00abKoh-Lanta\u00bb. En leur \u00e2me et conscience.<\/p>\n<p class=\"fig-paragraph\">Depuis la diffusion du premier \u00e9pisode de\u00a0<a href=\"https:\/\/tvmag.lefigaro.fr\/programme-tv\/programme\/koh-lanta-f536973817\" target=\"_blank\" rel=\"noopener\" data-gtm-custom-categorie=\"navigation\" data-gtm-custom-action=\"crossclick\" data-gtm-custom-label=\"Contextuel\" data-gtm-event=\"customEventSPE\"><strong>\u00ab Koh-Lanta, la revanche des 4 terres\u00a0\u00bb<\/strong><\/a> \u00a0le 25 f\u00e9vrier dernier sur TF1, cette phrase prononc\u00e9e de la voix si singuli\u00e8re de <strong>Denis Brogniart<\/strong> r\u00e9sonne\u00a0: \u00ab C\u2019est le plus grand coup de bluff de toute l\u2019histoire de \u201cKoh-Lanta\u201d\u00a0\u00bb. D\u00e8s l\u2019annonce du retour du jeu d\u2019aventures produit par ALP trois semaines plus t\u00f4t, la promesse de cet instant historique venait mettre l\u2019eau \u00e0 la bouche des amateurs de \u00ab Koh-Lanta\u00a0\u00bb\u2026 et des journalistes.<\/p>\n<p class=\"fig-paragraph\">Pour les m\u00e9dias, l\u2019op\u00e9ration s\u00e9duction a d\u00e9marr\u00e9 le 17 janvier au si\u00e8ge de TF1 \u00e0 Boulogne-Billancourt \u00e0 l\u2019occasion de la conf\u00e9rence de presse de pr\u00e9sentation de\u00a0<a href=\"http:\/\/tvmag.lefigaro.fr\/programme-tv\/tele-realite\/ages-de-20-a-63-ans-decouvrez-les-24-candidats-de-koh-lanta-la-revanche-des-4-terres-20250204\" target=\"_blank\" data-fig-type=\"Article\" rel=\"noopener\" data-gtm-custom-categorie=\"navigation\" data-gtm-custom-action=\"crossclick\" data-gtm-custom-label=\"Contextuel\" data-gtm-event=\"customEventSPE\" data-fig-domain=\"TVMAG\">\u00ab Koh-Lanta, la revanche des 4 terres\u00a0\u00bb<\/a>. \u00ab En septembre dernier, j\u2019ai re\u00e7u deux messages, \u00e0 quelques minutes d\u2019\u00e9cart, de Denis Brogniart et de Julien Magne pendant le tournage qui me disent\u00a0: \u201cOn vient d\u2019assister au plus grand coup de bluff de toute l\u2019histoire de \u00ab Koh-Lanta\u00a0\u00bb\u201d. C\u2019est un bon teasing\u00a0\u00bb, avait imm\u00e9diatement l\u00e2ch\u00e9 <strong>R\u00e9mi Faure<\/strong>, directeur des programmes de flux du groupe TF1. O\u00f9, quand et comment\u00a0? Nous n\u2019en saurons pas davantage.<\/p>\n<p>    <a href=\"https:\/\/photo.lefigaro.fr\/programme-tv\/tele-realite\/koh-lanta-la-revanche-des-4-terres-les-24-candidats-20250204\" target=\"_blank\" rel=\"noopener\"><\/p>\n<p class=\"fig-slideshow__title\">\n                    \u00abKoh-Lanta, la revanche des 4 terres\u00bb\u00a0: les 24 candidats\n                <\/p>\n<p>Acc\u00e9der au diaporama (29)<\/p>\n<p>    <\/a><\/p>\n<p class=\"fig-body-link\">\n            \u00c0 lire aussi<br \/>\n        <a class=\"fig-body-link__link\" href=\"http:\/\/tvmag.lefigaro.fr\/programme-tv\/tele-realite\/koh-lanta-decouvrez-votre-casting-ideal-pour-une-prochaine-edition-all-stars-20250520\" target=\"_blank\" data-fig-type=\"Article\" rel=\"noopener\" data-gtm-custom-categorie=\"navigation\" data-gtm-custom-action=\"crossclick\" data-gtm-custom-label=\"Contextuel\" data-gtm-event=\"customEventSPE\" data-fig-domain=\"TVMAG\">\u00abKoh-Lanta\u00bb\u00a0: d\u00e9couvrez votre casting id\u00e9al pour une prochaine \u00e9dition all stars<br \/>\n    <\/a>\n<\/p>\n<p>\u00c9l\u00e9ments de langage et communication vertueuse de \u00ab Koh-Lanta\u00a0\u00bb<\/p>\n<p class=\"fig-paragraph\">Depuis quelques saisons, la production se pla\u00eet \u00e0 souligner au marqueur fluo les faits de jeu in\u00e9dits. Une communication vertueuse devenue un \u00e9l\u00e9ment de langage vou\u00e9 \u00e0 cr\u00e9er l\u2019\u00e9v\u00e9nement et dont les m\u00e9dias se font l\u2019\u00e9cho. Un an auparavant, pour le lancement de\u00a0<a href=\"http:\/\/tvmag.lefigaro.fr\/programme-tv\/actu-tele\/interventions-medicales-collier-d-immunite-inedit-mensonges-ce-qu-il-faut-retenir-du-premier-episode-de-koh-lanta-les-chasseurs-d-immunite-20240213\" target=\"_blank\" data-fig-type=\"Article\" rel=\"noopener\" data-gtm-custom-categorie=\"navigation\" data-gtm-custom-action=\"crossclick\" data-gtm-custom-label=\"Contextuel\" data-gtm-event=\"customEventSPE\" data-fig-domain=\"TVMAG\">\u00ab Koh-Lanta, les chasseurs d\u2019immunit\u00e9\u00a0\u00bb<\/a>, <strong>Julien Magne<\/strong>, patron d\u2019ALP, annon\u00e7ait \u00e0 la presse \u00ab le radeau le plus rapide de l\u2019histoire de \u201cKoh-Lanta\u201d\u00a0\u00bb. En octobre dernier, dans le huiti\u00e8me \u00e9pisode de \u00ab Koh-Lanta, la tribu maudite\u00a0\u00bb, Denis Brogniart lan\u00e7ait encore un \u00ab c\u2019est du jamais vu dans l\u2019histoire de \u201cKoh-Lanta\u201d\u00a0\u00bb \u00e0 l\u2019issue du parcours du combattant o\u00f9\u00a0<a href=\"http:\/\/tvmag.lefigaro.fr\/programme-tv\/tele-realite\/si-cassandre-n-avait-pas-ete-la-j-aurais-abandonne-la-belle-histoire-de-gustin-dans-koh-lanta-20241112\" target=\"_blank\" data-fig-type=\"Article\" rel=\"noopener\" data-gtm-custom-categorie=\"navigation\" data-gtm-custom-action=\"crossclick\" data-gtm-custom-label=\"Contextuel\" data-gtm-event=\"customEventSPE\" data-fig-domain=\"TVMAG\">Gustin avait franchi un obstacle de mani\u00e8re in\u00e9dite<\/a>. Des exemples parmi d\u2019autres.<\/p>\n<p class=\"fig-paragraph\">Qu\u2019en est-il de \u00ab Koh-Lanta, la revanche des 4 terres\u00a0\u00bb\u00a0? \u00ab Le coup de bluff est incroyable\u00a0\u00bb, s\u2019est enthousiasm\u00e9\u00a0<a href=\"http:\/\/tvmag.lefigaro.fr\/programme-tv\/tele-realite\/origines-secrets-de-fabrication-collection-de-denis-brogniart-la-belle-histoire-du-totem-de-koh-lanta-20250304\" target=\"_blank\" data-fig-type=\"Article\" rel=\"noopener\" data-gtm-custom-categorie=\"navigation\" data-gtm-custom-action=\"crossclick\" data-gtm-custom-label=\"Contextuel\" data-gtm-event=\"customEventSPE\" data-fig-domain=\"TVMAG\">Denis Brogniart<\/a>\u00a0dans une vid\u00e9o r\u00e9alis\u00e9e le soir m\u00eame de l\u2019\u00e9v\u00e8nement et diffus\u00e9e en mars sur les r\u00e9seaux sociaux de l\u2019\u00e9mission. \u00ab Cela va bouleverser les strat\u00e9gies comme les alliances et permettre \u00e0 certains aventuriers de se tirer d\u2019une passe extr\u00eamement difficile. Vous allez avoir le souffle coup\u00e9 quand vous allez comprendre ce que sont capables de faire certains aventuriers pour se sauver.\u00a0\u00bb<\/p>\n<p class=\"fig-body-link\">\n            \u00c0 lire aussi<br \/>\n        <a class=\"fig-body-link__link\" href=\"http:\/\/tvmag.lefigaro.fr\/programme-tv\/tele-realite\/c-est-une-decision-de-la-production-j-allais-tres-bien-absent-du-jury-final-adrien-dement-avoir-abandonne-koh-lanta-20250507\" target=\"_blank\" data-fig-type=\"Article\" rel=\"noopener\" data-gtm-custom-categorie=\"navigation\" data-gtm-custom-action=\"crossclick\" data-gtm-custom-label=\"Contextuel\" data-gtm-event=\"customEventSPE\" data-fig-domain=\"TVMAG\">\u00abC\u2019est une d\u00e9cision de la production, j\u2019allais tr\u00e8s bien\u00bb\u00a0: absent du jury final, Adrien d\u00e9ment avoir abandonn\u00e9 \u00abKoh-Lanta\u00bb<br \/>\n    <\/a>\n<\/p>\n<blockquote class=\"fig-quote&#10;    \">\n<p class=\"fig-quote__text\">\u00ab Nous n\u2019avons rien spoil\u00e9\u00a0\u00bb<\/p>\n<p>            Julien Magne, directeur g\u00e9n\u00e9ral d\u2019ALP\n    <\/p><\/blockquote>\n<p class=\"fig-paragraph\">Mais dans une \u00e9mission o\u00f9 les t\u00e9l\u00e9spectateurs aiment \u00eatre surpris, d\u00e9voiler \u00e0 l\u2019avance le succ\u00e8s d\u2019une strat\u00e9gie n\u2019est-il pas contre-productif\u00a0? \u00ab Nous n\u2019avons rien spoil\u00e9, personne ne sait quand cela allait arriver, se d\u00e9fend Julien Magne. Nous avons voulu mettre en avant ce coup de bluff parce que c\u2019est un \u00e9v\u00e9nement marquant de la saison qui le diff\u00e9rencie des pr\u00e9c\u00e9dentes. Cette phrase forte de Denis donne juste envie de savoir de quoi on parle mais elle ne spoile rien.\u00a0\u00bb<\/p>\n<p class=\"fig-paragraph\">C\u2019est dans le quatorzi\u00e8me \u00e9pisode de \u00ab Koh-Lanta, la revanche des 4 terres\u00a0\u00bb, diffus\u00e9 ce mardi 3 juin sur TF1, que le \u00ab plus grand coup de bluff de toute l\u2019histoire de \u201cKoh-Lanta\u201d\u00a0\u00bb se pr\u00e9cise. Lors du 34e jour de l\u2019aventure tourn\u00e9 l\u2019automne dernier aux Philippines,\u00a0<a href=\"http:\/\/tvmag.lefigaro.fr\/programme-tv\/tele-realite\/sortir-de-koh-lanta-sur-un-casse-tete-chinois-ca-fout-la-haine-decouvrez-la-solution-du-jeu-qui-a-elimine-maxime-20250528\" target=\"_blank\" data-fig-type=\"Article\" rel=\"noopener\" data-gtm-custom-categorie=\"navigation\" data-gtm-custom-action=\"crossclick\" data-gtm-custom-label=\"Contextuel\" data-gtm-event=\"customEventSPE\" data-fig-domain=\"TVMAG\">apr\u00e8s la sortie de Maxime sur un jeu \u00e9liminatoire<\/a>, J\u00e9r\u00f4me des Landes, Ma\u00ebl, No\u00e9mie, Ga\u00eblle et C\u00e9line forment l\u2019alliance majoritaire de l\u2019Est et de l\u2019Ouest face aux deux rescap\u00e9s du Nord et du Sud, J\u00e9r\u00f4me le Catalan et Claire. Ces derniers, destin\u00e9s \u00e0 une \u00e9limination quasi certaine\u00a0<a href=\"http:\/\/tvmag.lefigaro.fr\/programme-tv\/tele-realite\/creation-evolution-anecdotes-tout-savoir-de-l-histoire-de-l-epreuve-de-l-orientation-de-koh-lanta-20230606\" target=\"_blank\" data-fig-type=\"Article\" rel=\"noopener\" data-gtm-custom-categorie=\"navigation\" data-gtm-custom-action=\"crossclick\" data-gtm-custom-label=\"Contextuel\" data-gtm-event=\"customEventSPE\" data-fig-domain=\"TVMAG\">avant la course de l\u2019orientation<\/a>, ont fait un crochet par l\u2019\u00eele de l\u2019exil o\u00f9 deux coffrets en bois les attendaient. Un nouvel \u00e9l\u00e9ment de jeu orchestr\u00e9 par la production. \u00ab Un grand d\u00e9fi vous attend et pourrait vous aider pour la suite de l\u2019aventure\u00a0\u00bb, leur a annonc\u00e9 Denis Brogniart \u00e0 la suite de leur victoire face \u00e0 Maxime.<\/p>\n<p>    Claire et J\u00e9r\u00f4me le Catalan face \u00e0 deux myst\u00e9rieux coffres dans \u00ab Koh-Lanta, la revanche des 4 terres\u00a0\u00bb<br \/>\n                Captures \u00e9cran TF1 (montage)<\/p>\n<p>Le sc\u00e9nario des \u00e9preuves de \u00ab Koh-Lanta\u00a0\u00bb d\u00e9cid\u00e9 avant le tournage<\/p>\n<p class=\"fig-paragraph\">Faut-il s\u2019\u00e9tonner que les deux candidats les plus en difficult\u00e9 re\u00e7oivent subitement un coup de pouce de la production\u00a0? \u00ab Le sc\u00e9nario des \u00e9preuves de l\u2019aventure est d\u00e9cid\u00e9 longtemps \u00e0 l\u2019avance, avant le d\u00e9part de Paris et bien avant le premier jour de tournage, nous assure Julien Magne. Nous ne savons jamais qui va \u00eatre confront\u00e9 \u00e0 ces \u00e9l\u00e9ments de jeu, cela peut \u00eatre n\u2019importe qui. Si Maxime revient avec Claire ou J\u00e9r\u00f4me le Catalan, l\u2019histoire n\u2019est pas la m\u00eame. Chaque saison, nous \u00e9crivons en amont le cadre de l\u2019aventure et les aventuriers se chargent librement d\u2019\u00e9crire l\u2019histoire jour apr\u00e8s jour.\u00a0\u00bb<\/p>\n<p class=\"fig-paragraph\">Cette m\u00e9canique parall\u00e8le introduite ponctuellement au milieu des \u00e9preuves de confort et d\u2019immunit\u00e9 qui rythment l\u2019aventure n\u2019est pas une premi\u00e8re. En 2022 dans \u00ab Koh-Lanta, le totem maudit\u00a0\u00bb, Ambre et Bastien, vainqueurs de l\u2019\u00e9preuve de l\u2019apn\u00e9e, avaient d\u00fb d\u00e9signer deux candidats pour affronter Olga (derni\u00e8re de l\u2019\u00e9preuve) sur un jeu \u00e9liminatoire. Victorieux,\u00a0<a href=\"https:\/\/tvmag.lefigaro.fr\/programme-tv\/candidats-decharnes-olga-blessee-et-ambre-defiguree-koh-lanta-vire-au-cauchemar_0fa33882-e712-11ec-961b-8dbe897fbeed\" target=\"_blank\" data-fig-type=\"Article\" rel=\"noopener\" data-gtm-custom-categorie=\"navigation\" data-gtm-custom-action=\"crossclick\" data-gtm-custom-label=\"Contextuel\" data-gtm-event=\"customEventSPE\" data-fig-domain=\"TVMAG\">Jean-Charles et Olga<\/a>\u00a0avaient pu r\u00e9cup\u00e9rer un indice pour trouver un collier d\u2019immunit\u00e9 et une voix suppl\u00e9mentaire au conseil avant de retourner sur le camp. En 2023 dans \u00ab Koh-Lanta, le feu sacr\u00e9\u00a0\u00bb,\u00a0<a href=\"http:\/\/tvmag.lefigaro.fr\/programme-tv\/tele-realite\/esteban-koh-lanta-j-ai-perdu-15-kilos-en-35-jours-20230523\" target=\"_blank\" data-fig-type=\"Article\" rel=\"noopener\" data-gtm-custom-categorie=\"navigation\" data-gtm-custom-action=\"crossclick\" data-gtm-custom-label=\"Contextuel\" data-gtm-event=\"customEventSPE\" data-fig-domain=\"TVMAG\">Esteban et Tania<\/a>\u00a0avaient eu la surprise de disputer un duel de rep\u00eachage apr\u00e8s leur \u00e9limination au conseil, cette derni\u00e8re revenant sur le camp avec un indice pour trouver un collier d\u2019immunit\u00e9.<\/p>\n<blockquote class=\"fig-quote&#10;    \">\n<p class=\"fig-quote__text\">\u00ab Un coup de bluff aussi important et bouleversant, c\u2019est un des grands moments strat\u00e9giques de l\u2019histoire de \u201cKoh-Lanta\u201d\u00a0\u00bb<\/p>\n<p>            Julien Magne, directeur g\u00e9n\u00e9ral d\u2019ALP\n    <\/p><\/blockquote>\n<p class=\"fig-paragraph\">Allons-nous assister au plus grand coup de bluff de toute l\u2019histoire de \u00ab Koh-Lanta\u00a0\u00bb\u00a0? Est-il vraiment possible de le d\u00e9terminer\u00a0? Encore faut-il avoir connaissance de\u00a0<a href=\"https:\/\/tvmag.lefigaro.fr\/programme-tv\/histoire-enjeux-candidats-tout-ce-qu-il-faut-savoir-sur-koh-lanta-la-legende_5674dab2-fffb-11eb-a959-043d09f94d0e\" target=\"_blank\" data-fig-type=\"Article\" rel=\"noopener\" data-gtm-custom-categorie=\"navigation\" data-gtm-custom-action=\"crossclick\" data-gtm-custom-label=\"Contextuel\" data-gtm-event=\"customEventSPE\" data-fig-domain=\"TVMAG\">l\u2019enti\u00e8ret\u00e9 de l\u2019histoire du jeu d\u2019aventures<\/a>, de sa premi\u00e8re saison diffus\u00e9e en ao\u00fbt 2001 jusqu\u2019\u00e0 aujourd\u2019hui. Du point de vue de la production comme de la cha\u00eene, la r\u00e9ponse est oui. \u00ab Avec Denis et les \u00e9quipes d\u2019ALP, nous sommes les premiers spectateurs de ce qui se passe, nous confie Julien Magne. Nous adorons ce jeu et ses performances. Quand quelque chose de g\u00e9nial se produit, nous sommes au spectacle et ravis d\u2019\u00eatre encore surpris apr\u00e8s tant d\u2019ann\u00e9es. Un coup de bluff aussi important et bouleversant, c\u2019est un des grands moments strat\u00e9giques de l\u2019histoire de \u201cKoh-Lanta\u201d.\u00a0\u00bb<\/p>\n<p class=\"fig-paragraph\">Les t\u00e9l\u00e9spectateurs seront certainement plus divis\u00e9s. Chacun forgera sa propre opinion avec sa connaissance de\u00a0<a href=\"http:\/\/tvmag.lefigaro.fr\/programme-tv\/tele-realite\/violette-dorange-sollicitee-pour-koh-lanta-une-edition-all-stars-avec-des-celebrites-est-elle-en-preparation-20250514\" target=\"_blank\" data-fig-type=\"Article\" rel=\"noopener\" data-gtm-custom-categorie=\"navigation\" data-gtm-custom-action=\"crossclick\" data-gtm-custom-label=\"Contextuel\" data-gtm-event=\"customEventSPE\" data-fig-domain=\"TVMAG\">\u00ab Koh-Lanta\u00a0\u00bb<\/a>\u00a0et sa sensibilit\u00e9. L\u2019enthousiasme des uns se m\u00ealera \u00e0 la d\u00e9ception des autres. Une chose est certaine\u00a0: \u00e0 d\u00e9faut de nous bluffer, TF1 comme ALP auront r\u00e9ussi \u00e0 \u00e9veiller notre curiosit\u00e9 et \u00e0 ne laisser personne indiff\u00e9rent. Et \u00e7a, c\u2019est un coup de g\u00e9nie.<\/p>\n","protected":false},"excerpt":{"rendered":"D\u00c9CRYPTAGE &#8211; L\u2019\u00e9v\u00e9nement annonc\u00e9 de longue date intervient dans l\u2019\u00e9pisode diffus\u00e9 mardi soir sur TF1. Les t\u00e9l\u00e9spectateurs jugeront&hellip;\n","protected":false},"author":2,"featured_media":148241,"comment_status":"","ping_status":"","sticky":false,"template":"","format":"standard","meta":{"footnotes":""},"categories":[1356],"tags":[685,687,689,681,58,683,59,1011,27,680,688,684,686,682,252,1364],"class_list":{"0":"post-148240","1":"post","2":"type-post","3":"status-publish","4":"format-standard","5":"has-post-thumbnail","7":"category-television","8":"tag-actu-tele-realite","9":"tag-actu-telerealite","10":"tag-candidat-tele-realite","11":"tag-denis-brogniart","12":"tag-divertissement","13":"tag-emission-tele-realite","14":"tag-entertainment","15":"tag-fr","16":"tag-france","17":"tag-koh-lanta","18":"tag-news-tele-realite","19":"tag-programme-tele-realite","20":"tag-scoop-telerealite","21":"tag-tele-realite","22":"tag-television","23":"tag-tv"},"share_on_mastodon":{"url":"https:\/\/pubeurope.com\/@fr\/114618013049742364","error":""},"_links":{"self":[{"href":"https:\/\/www.europesays.com\/fr\/wp-json\/wp\/v2\/posts\/148240","targetHints":{"allow":["GET"]}}],"collection":[{"href":"https:\/\/www.europesays.com\/fr\/wp-json\/wp\/v2\/posts"}],"about":[{"href":"https:\/\/www.europesays.com\/fr\/wp-json\/wp\/v2\/types\/post"}],"author":[{"embeddable":true,"href":"https:\/\/www.europesays.com\/fr\/wp-json\/wp\/v2\/users\/2"}],"replies":[{"embeddable":true,"href":"https:\/\/www.europesays.com\/fr\/wp-json\/wp\/v2\/comments?post=148240"}],"version-history":[{"count":0,"href":"https:\/\/www.europesays.com\/fr\/wp-json\/wp\/v2\/posts\/148240\/revisions"}],"wp:featuredmedia":[{"embeddable":true,"href":"https:\/\/www.europesays.com\/fr\/wp-json\/wp\/v2\/media\/148241"}],"wp:attachment":[{"href":"https:\/\/www.europesays.com\/fr\/wp-json\/wp\/v2\/media?parent=148240"}],"wp:term":[{"taxonomy":"category","embeddable":true,"href":"https:\/\/www.europesays.com\/fr\/wp-json\/wp\/v2\/categories?post=148240"},{"taxonomy":"post_tag","embeddable":true,"href":"https:\/\/www.europesays.com\/fr\/wp-json\/wp\/v2\/tags?post=148240"}],"curies":[{"name":"wp","href":"https:\/\/api.w.org\/{rel}","templated":true}]}}