{"id":148242,"date":"2025-06-03T06:27:10","date_gmt":"2025-06-03T06:27:10","guid":{"rendered":"https:\/\/www.europesays.com\/fr\/148242\/"},"modified":"2025-06-03T06:27:10","modified_gmt":"2025-06-03T06:27:10","slug":"florent-pagny-lucide-sur-son-cancer-il-a-deja-tout-prevu-pour-2025-et-previent-sinon-je-ne-serais-pas-la","status":"publish","type":"post","link":"https:\/\/www.europesays.com\/fr\/148242\/","title":{"rendered":"Florent Pagny \u00ab\u00a0lucide\u00a0\u00bb sur son cancer : il a d\u00e9j\u00e0 tout pr\u00e9vu pour 2025, et pr\u00e9vient \u00ab\u00a0sinon je ne serais pas l\u00e0\u00a0\u00bb"},"content":{"rendered":"<p>      R\u00e9sum\u00e9<\/p>\n<p>Florent Pagny pr\u00e9pare un nouvel album et une tourn\u00e9e tout en restant suivi m\u00e9dicalement apr\u00e8s des r\u00e9cidives de cancer, affichant une lucidit\u00e9 sur son \u00e9tat et son avenir.<\/p>\n<p>        Sommaire<\/p>\n<p>Florent Pagny est de retour, mais sur ses gardes. Apr\u00e8s avoir r\u00e9v\u00e9l\u00e9 \u00eatre <a href=\"https:\/\/www.public.fr\/florent-pagny-craint-une-rechute-de-son-cancer-il-sera-fixe-le-15-janvier-prochain\" target=\"_blank\" rel=\"noopener\">atteint d&rsquo;un cancer du poumon<\/a> en 2022, puis avoir annonc\u00e9 \u00eatre en r\u00e9mission quelques mois plus tard, <strong>sa maladie a r\u00e9cidiv\u00e9 deux fois en moins de deux ans<\/strong>. <\/p>\n<p>Alors depuis pr\u00e8s d&rsquo;un an, le mari d&rsquo;Azucena Caama\u00f1o multiplie les projets, tout en restant en contact \u00e9troit avec les m\u00e9decins.<\/p>\n<p>\u00c0 peine sorti d&rsquo;une nouvelle saison The Voice, le t\u00e9l\u00e9crochet de TF1 qu&rsquo;il a remport\u00e9 pour la sixi\u00e8me fois,<a href=\"https:\/\/vsd.fr\/80668-the-voice-2025-florent-pagny-pas-convaincu-par-lidee-dun-duo-avec-le-trio-gagnant-il-cello\/\" target=\"_blank\" rel=\"noopener\"> le mentor du groupe\u00a0Il Cello, rechante. <\/a><\/p>\n<p>Florent Pagny d\u00e9voile ses projets pour 2025<\/p>\n<p>Son coll\u00e8gue coach Vianney, qui le surnomme le boss, lui a \u00e9crit \u00ab\u00a0T&rsquo;aimer encore\u00a0\u00bb. Et avec nos confr\u00e8res de Nous Deux, ce 2 juin 2025, Florent Pagny se r\u00e9jouit : \u00ab\u00a0Cet album est plein de messages cool, humains\u00a0\u00bb.<\/p>\n<p>\u00c0 propos de ce dernier opus, Florent Pagny assure : \u00ab\u00a0Je suis bient\u00f4t en fin de fabrication\u00a0\u00bb. <strong>Il admet aussi que \u00e7a n&rsquo;a pas \u00e9t\u00e9 toujours facile de l&rsquo;enregistrer. <\/strong><\/p>\n<p>Le chanteur assure en effet : \u00ab\u00a0Je devais chanter en Argentine, cela ne s\u2019est pas fait. Je suis rentr\u00e9 le lundi 21 avril, j\u2019\u00e9tais en studio pour T\u2019aimer encore. <strong>J\u2019avais si peu chant\u00e9 pendant quatre mois que je chantais trop fort. Je n\u2019arrivais pas \u00e0 me d\u00e9tendre\u00a0\u00bb. <\/strong><\/p>\n<p>Au final, il annonce : \u00ab\u00a0Mon album sortira en septembre, il s\u2019appellera Grandeur nature\u00a0\u00bb. Et le programme ne s&rsquo;arr\u00eate pas l\u00e0. <\/p>\n<p>Florent Pagny d\u00e9roule : \u00ab\u00a0Apr\u00e8s \u00e7a, en octobre, novembre, je pars en Argentine parce qu\u2019en d\u00e9cembre, je commence les r\u00e9p\u00e9titions et je d\u00e9marre la tourn\u00e9e en janvier. <strong>Cela fait longtemps que je n\u2019ai pas pass\u00e9 No\u00ebl avec mes parents<\/strong>, alors je me dis que je vais le faire.\u00a0\u00bb<\/p>\n<p>Toujours sous contr\u00f4le<\/p>\n<p>S&rsquo;il accorde une place si importante \u00e0 sa famille, c&rsquo;est parce que Florent Pagny est pr\u00e9par\u00e9 \u00e0 toutes les \u00e9ventualit\u00e9s. Il t\u00e9moigne ainsi : \u00ab\u00a0Comme tous <strong>les gens qui ont la m\u00eame merde que moi, <\/strong>quelle qu\u2019elle soit, le savent, vous \u00eates suivi pendant des ann\u00e9es.\u00a0Je ne suis <strong>pas fataliste, je suis lucide<\/strong>\u00ab\u00a0. <\/p>\n<p>De fait, dit-il : \u00ab\u00a0Tous les trois mois, il faut que je fasse des scanners, des trucs. C\u2019est comme \u00e7a pour tout le monde.\u00a0\u00bb<\/p>\n<p>Il est toutefois rassurant concernant son \u00e9tat de sant\u00e9 actuel. Et de conclure : qu&rsquo;il va bien et qu&rsquo;il est tout \u00e0 fait capable de reprendre sa carri\u00e8re, \u00ab\u00a0<strong>Sinon je ne serais pas l\u00e0<\/strong>\u00ab\u00a0, dit-il. <\/p>\n<p>      Mentionn\u00e9s dans cet article<\/p>\n<p>\u00c0 lire aussi<\/p>\n","protected":false},"excerpt":{"rendered":"R\u00e9sum\u00e9 Florent Pagny pr\u00e9pare un nouvel album et une tourn\u00e9e tout en restant suivi m\u00e9dicalement apr\u00e8s des r\u00e9cidives&hellip;\n","protected":false},"author":2,"featured_media":148243,"comment_status":"","ping_status":"","sticky":false,"template":"","format":"standard","meta":{"footnotes":""},"categories":[1355],"tags":[101,58,59,3109,1011,27,1361,873],"class_list":{"0":"post-148242","1":"post","2":"type-post","3":"status-publish","4":"format-standard","5":"has-post-thumbnail","7":"category-musique","8":"tag-cancer","9":"tag-divertissement","10":"tag-entertainment","11":"tag-florent-pagny","12":"tag-fr","13":"tag-france","14":"tag-music","15":"tag-musique"},"share_on_mastodon":{"url":"https:\/\/pubeurope.com\/@fr\/114618017023853805","error":""},"_links":{"self":[{"href":"https:\/\/www.europesays.com\/fr\/wp-json\/wp\/v2\/posts\/148242","targetHints":{"allow":["GET"]}}],"collection":[{"href":"https:\/\/www.europesays.com\/fr\/wp-json\/wp\/v2\/posts"}],"about":[{"href":"https:\/\/www.europesays.com\/fr\/wp-json\/wp\/v2\/types\/post"}],"author":[{"embeddable":true,"href":"https:\/\/www.europesays.com\/fr\/wp-json\/wp\/v2\/users\/2"}],"replies":[{"embeddable":true,"href":"https:\/\/www.europesays.com\/fr\/wp-json\/wp\/v2\/comments?post=148242"}],"version-history":[{"count":0,"href":"https:\/\/www.europesays.com\/fr\/wp-json\/wp\/v2\/posts\/148242\/revisions"}],"wp:featuredmedia":[{"embeddable":true,"href":"https:\/\/www.europesays.com\/fr\/wp-json\/wp\/v2\/media\/148243"}],"wp:attachment":[{"href":"https:\/\/www.europesays.com\/fr\/wp-json\/wp\/v2\/media?parent=148242"}],"wp:term":[{"taxonomy":"category","embeddable":true,"href":"https:\/\/www.europesays.com\/fr\/wp-json\/wp\/v2\/categories?post=148242"},{"taxonomy":"post_tag","embeddable":true,"href":"https:\/\/www.europesays.com\/fr\/wp-json\/wp\/v2\/tags?post=148242"}],"curies":[{"name":"wp","href":"https:\/\/api.w.org\/{rel}","templated":true}]}}