{"id":148250,"date":"2025-06-03T06:31:12","date_gmt":"2025-06-03T06:31:12","guid":{"rendered":"https:\/\/www.europesays.com\/fr\/148250\/"},"modified":"2025-06-03T06:31:12","modified_gmt":"2025-06-03T06:31:12","slug":"scarlett-johansson-epoustouflante-au-mexique-pour-presenter-le-dernier-opus-de-jurassic-world","status":"publish","type":"post","link":"https:\/\/www.europesays.com\/fr\/148250\/","title":{"rendered":"Scarlett Johansson \u00e9poustouflante au Mexique pour pr\u00e9senter le dernier opus de Jurassic World"},"content":{"rendered":"<p>\u00c0 l\u2019affiche de trois films en ce moment, l\u2019actrice a fait sensation au Mexique ce week-end.<\/p>\n<p class=\"fig-paragraph\"><a href=\"https:\/\/madame.lefigaro.fr\/tag\/scarlett-johansson\" target=\"_blank\" rel=\"noopener\" data-gtm-custom-categorie=\"navigation\" data-gtm-custom-action=\"crossclick\" data-gtm-custom-label=\"Contextuel\" data-gtm-event=\"customEventSPE\">Scarlett Johansson<\/a>\u00a0a litt\u00e9ralement fendu la foule, samedi 31 mai, lors de la seconde \u00e9dition du Comic Con Exp\u00e9rience de\u00a0<a href=\"https:\/\/madame.lefigaro.fr\/tag\/mexique\" target=\"_blank\" rel=\"noopener\" data-gtm-custom-categorie=\"navigation\" data-gtm-custom-action=\"crossclick\" data-gtm-custom-label=\"Contextuel\" data-gtm-event=\"customEventSPE\">Mexico<\/a>. Venue pr\u00e9senter le dernier opus de Jurassic World,\u00a0<a href=\"https:\/\/madame.lefigaro.fr\/tag\/actrice\" target=\"_blank\" rel=\"noopener\" data-gtm-custom-categorie=\"navigation\" data-gtm-custom-action=\"crossclick\" data-gtm-custom-label=\"Contextuel\" data-gtm-event=\"customEventSPE\">l\u2019actrice<\/a>, \u00e9poustouflante dans sa<a href=\"https:\/\/madame.lefigaro.fr\/tag\/robe-noire\" target=\"_blank\" rel=\"noopener\" data-gtm-custom-categorie=\"navigation\" data-gtm-custom-action=\"crossclick\" data-gtm-custom-label=\"Contextuel\" data-gtm-event=\"customEventSPE\">\u00a0robe noire<\/a>\u00a0tr\u00e8s simple, a \u00e9t\u00e9 acclam\u00e9e par le public, venu en nombre. L\u2019actrice principale \u00e9tait accompagn\u00e9e par plusieurs autres com\u00e9diens du film, dont Jonathan Bailey de la Chronique des Bridgerton. Ce nouveau volet de la saga, en salles en France le 2 juillet prochain, mettra en lumi\u00e8re le personnage (principal) incarn\u00e9 par Scarlett Johansson\u00a0: une\u00a0<a href=\"https:\/\/madame.lefigaro.fr\/tag\/scientifique\" target=\"_blank\" rel=\"noopener\" data-gtm-custom-categorie=\"navigation\" data-gtm-custom-action=\"crossclick\" data-gtm-custom-label=\"Contextuel\" data-gtm-event=\"customEventSPE\">scientifique\u00a0<\/a>charg\u00e9e de ramener l\u2019ADN de trois esp\u00e8ces d\u2019animaux pr\u00e9historiques pour fabriquer un rem\u00e8de n\u00e9cessaire \u00e0 l\u2019humanit\u00e9.<\/p>\n<p>    <a href=\"https:\/\/photo-madame.lefigaro.fr\/celebrites\/actu-people\/scarlett-johansson-presente-le-dernier-opus-de-jurassic-world-20250602\" target=\"_blank\" rel=\"noopener\"><\/p>\n<p class=\"fig-slideshow__title\">\n                    Scarlett Johansson pr\u00e9sente le dernier opus de Jurassic World\n                <\/p>\n<p>                            <img decoding=\"async\" src=\"https:\/\/www.europesays.com\/fr\/wp-content\/uploads\/2025\/06\/b9b5d63f119e33461d3e91c7b695f8a294ec2edd1da763c6f34302dd51ad6fa4.jpg\" class=\"fig-slideshow__hidden\" alt=\"\"\/><br \/>\n                    <img decoding=\"async\" src=\"https:\/\/www.europesays.com\/fr\/wp-content\/uploads\/2025\/06\/b454fea11112264e8f265f3dddb13f2484af3c7a5a24966f310619609ed15826.jpg\" class=\"fig-slideshow__hidden\" alt=\"\"\/><\/p>\n<p>    <\/a><\/p>\n<p class=\"fig-body-link&#10;    \">\n            \u00c0 lire aussi<br \/>\n        <a class=\"fig-body-link__link\" href=\"http:\/\/madame.lefigaro.fr\/celebrites\/actu-people\/c-est-une-extension-de-mon-travail-d-actrice-scarlett-johansson-revient-sur-sa-premiere-experience-de-realisatrice-20250526\" data-fig-type=\"Article\" data-gtm-custom-categorie=\"navigation\" data-gtm-custom-action=\"crossclick\" data-gtm-custom-label=\"Contextuel\" data-gtm-event=\"customEventSPE\" data-fig-domain=\"MADAME\" target=\"_blank\" rel=\"noopener\">\u00abC\u2019est une extension de mon travail d\u2019actrice\u00bb\u00a0: Scarlett Johansson revient sur sa premi\u00e8re exp\u00e9rience de r\u00e9alisatrice<\/a>\n<\/p>\n<p>Sous le feu des projecteurs<\/p>\n<p class=\"fig-paragraph\">C\u2019est d\u00e9finitivement son moment. Quelques semaines \u00e0 peine avant cette apparition tr\u00e8s remarqu\u00e9e, l\u2019actrice am\u00e9ricaine avait d\u00e9j\u00e0 foul\u00e9 le c\u00e9l\u00e8bre tapis rouge de la capitale fran\u00e7aise du cin\u00e9ma lors du\u00a0<a href=\"https:\/\/madame.lefigaro.fr\/tag\/festival-de-cannes\" target=\"_blank\" rel=\"noopener\" data-gtm-custom-categorie=\"navigation\" data-gtm-custom-action=\"crossclick\" data-gtm-custom-label=\"Contextuel\" data-gtm-event=\"customEventSPE\">Festival de Cannes<\/a>. En longue robe blanche, elle \u00e9tait apparue sous les flashs des photographes au bras du com\u00e9dien Colin Jost, son\u00a0<a href=\"https:\/\/madame.lefigaro.fr\/tag\/mariage\" target=\"_blank\" rel=\"noopener\" data-gtm-custom-categorie=\"navigation\" data-gtm-custom-action=\"crossclick\" data-gtm-custom-label=\"Contextuel\" data-gtm-event=\"customEventSPE\">mari<\/a>, brisant ainsi le strict protocole du\u00a0<a href=\"http:\/\/madame.lefigaro.fr\/festival_de_cannes\" data-fig-type=\"Topic\" data-gtm-custom-categorie=\"navigation\" data-gtm-custom-action=\"crossclick\" data-gtm-custom-label=\"Contextuel\" data-gtm-event=\"customEventSPE\" data-fig-domain=\"MADAME\" target=\"_blank\" rel=\"noopener\">festival\u00a0<\/a>pour le plus grand plaisir de ses fans sur les r\u00e9seaux sociaux. Sur la croisette, elle a pr\u00e9sent\u00e9 son premier film en tant que r\u00e9alisatrice, intitul\u00e9 Eleanor The Great, en salles en France depuis le 20 mai dernier.<\/p>\n<p>Une derni\u00e8re affiche<\/p>\n<p class=\"fig-paragraph\">Mais c\u2019est \u00e9galement en haut d\u2019une autre affiche qu\u2019appara\u00eet son nom ; en effet, Scarlett Johansson a un r\u00f4le dans le dernier long-m\u00e9trage de Wes Anderson The Phoenician scheme, en salles depuis le 28 mai.<\/p>\n","protected":false},"excerpt":{"rendered":"\u00c0 l\u2019affiche de trois films en ce moment, l\u2019actrice a fait sensation au Mexique ce week-end. Scarlett Johansson\u00a0a&hellip;\n","protected":false},"author":2,"featured_media":148251,"comment_status":"","ping_status":"","sticky":false,"template":"","format":"standard","meta":{"footnotes":""},"categories":[8],"tags":[976,972,58,59,5634,638,2081,1011,27,977,973,975,4420,974],"class_list":{"0":"post-148250","1":"post","2":"type-post","3":"status-publish","4":"format-standard","5":"has-post-thumbnail","7":"category-divertissement","8":"tag-actu-people","9":"tag-celebrite","10":"tag-divertissement","11":"tag-entertainment","12":"tag-festival-de-cannes","13":"tag-figaro","14":"tag-film","15":"tag-fr","16":"tag-france","17":"tag-madame","18":"tag-people","19":"tag-potain-de-stars","20":"tag-scarlett-johansson","21":"tag-star"},"share_on_mastodon":{"url":"https:\/\/pubeurope.com\/@fr\/114618032812614694","error":""},"_links":{"self":[{"href":"https:\/\/www.europesays.com\/fr\/wp-json\/wp\/v2\/posts\/148250","targetHints":{"allow":["GET"]}}],"collection":[{"href":"https:\/\/www.europesays.com\/fr\/wp-json\/wp\/v2\/posts"}],"about":[{"href":"https:\/\/www.europesays.com\/fr\/wp-json\/wp\/v2\/types\/post"}],"author":[{"embeddable":true,"href":"https:\/\/www.europesays.com\/fr\/wp-json\/wp\/v2\/users\/2"}],"replies":[{"embeddable":true,"href":"https:\/\/www.europesays.com\/fr\/wp-json\/wp\/v2\/comments?post=148250"}],"version-history":[{"count":0,"href":"https:\/\/www.europesays.com\/fr\/wp-json\/wp\/v2\/posts\/148250\/revisions"}],"wp:featuredmedia":[{"embeddable":true,"href":"https:\/\/www.europesays.com\/fr\/wp-json\/wp\/v2\/media\/148251"}],"wp:attachment":[{"href":"https:\/\/www.europesays.com\/fr\/wp-json\/wp\/v2\/media?parent=148250"}],"wp:term":[{"taxonomy":"category","embeddable":true,"href":"https:\/\/www.europesays.com\/fr\/wp-json\/wp\/v2\/categories?post=148250"},{"taxonomy":"post_tag","embeddable":true,"href":"https:\/\/www.europesays.com\/fr\/wp-json\/wp\/v2\/tags?post=148250"}],"curies":[{"name":"wp","href":"https:\/\/api.w.org\/{rel}","templated":true}]}}