{"id":148260,"date":"2025-06-03T06:36:13","date_gmt":"2025-06-03T06:36:13","guid":{"rendered":"https:\/\/www.europesays.com\/fr\/148260\/"},"modified":"2025-06-03T06:36:13","modified_gmt":"2025-06-03T06:36:13","slug":"meteo-france-place-en-vigilance-orange-5-departements-de-lest","status":"publish","type":"post","link":"https:\/\/www.europesays.com\/fr\/148260\/","title":{"rendered":"M\u00e9t\u00e9o France place en vigilance orange 5\u00a0d\u00e9partements de l\u2019Est"},"content":{"rendered":"<p>        <img decoding=\"async\" loading=\"lazy\" src=\"https:\/\/www.europesays.com\/fr\/wp-content\/uploads\/2025\/06\/36f98b4_sirius-fs-upload-1-69jb1juxgetq-1748924157792-000-364m696.jpg\"  width=\"728\" height=\"410\" alt=\"M\u00e9t\u00e9o France place en vigilance orange 5\u00a0d\u00e9partements de l\u2019est (photo d\u2019illutsrtaion prise pr\u00e8s de Roanne en juillet 2024) \"\/>  <\/p>\n<p>OLIVIER CHASSIGNOLE \/ AFP<\/p>\n<p>M\u00e9t\u00e9o France place en vigilance orange 5\u00a0d\u00e9partements de l\u2019est (photo d\u2019illutsrtaion prise pr\u00e8s de Roanne en juillet 2024) <\/p>\n<p class=\"asset asset-text\">METEO &#8211; Apr\u00e8s le pic de chaleur, les orages se poursuivent. <a href=\"https:\/\/www.huffingtonpost.fr\/france\/article\/quel-temps-fera-t-il-cet-ete-les-premieres-tendances-de-meteo-france-pour-juin-juillet-et-aout-clx1_250565.html\" target=\"_blank\" rel=\"noopener\">M\u00e9t\u00e9o France<\/a> a plac\u00e9 ce mardi 3\u00a0juin en vigilance orange cinq d\u00e9partements du centre-est et du nord-est, en vue d\u2019une activit\u00e9 orageuse qui \u00ab\u00a0se renforcera\u00a0\u00bb \u00e0 partir de l\u2019apr\u00e8s-midi.<\/p>\n<p class=\"asset asset-text\">Dans ses pr\u00e9visions de 6h, l\u2019institut m\u00e9t\u00e9orologique met particuli\u00e8rement en garde le centre-est, dont la zone \u00ab\u00a0couvre le risque orageux le plus important.\u00a0\u00bb Sont pr\u00e9cis\u00e9ment concern\u00e9s les d\u00e9partements de la Loire, de la Sa\u00f4ne-et-Loire, de l\u2019Ain, du Rh\u00f4ne, et du Jura. Des orages forts sont pr\u00e9vus, possiblement accompagn\u00e9s \u00ab\u00a0de chutes de gr\u00eale, de rafales de vent voisines de 80 \u00e0 100\u00a0km\/h, d\u2019intenses pr\u00e9cipitations de l\u2019ordre de 20 \u00e0 40\u00a0mm en une \u00e0 trois heures et d\u2019un foudroiement important\u00a0\u00bb, d\u00e9taille <a href=\"https:\/\/vigilance.meteofrance.fr\/fr\" target=\"_blank\" rel=\"noopener\" title=\"Nouvelle fen\u00eatre\">M\u00e9t\u00e9o France<\/a>.<\/p>\n<p class=\"asset asset-text\">Une accalmie est attendue en milieu de nuit. N\u00e9anmoins, la vigilance pourrait s\u2019\u00e9tendre au Sud-Ouest, avec une attention particuli\u00e8re sur \u00ab\u00a0certains d\u00e9partements d\u2019Occitanie\u00a0\u00bb o\u00f9 le risque de pluies \u00ab\u00a0tr\u00e8s abondantes\u00a0\u00bb n\u2019est pas exclu en d\u00e9but de nuit.<\/p>\n<p> La lecture de ce contenu est susceptible d\u2019entra\u00eener un d\u00e9p\u00f4t de cookies de la part de l\u2019op\u00e9rateur tiers qui l\u2019h\u00e9berge. Compte-tenu des choix que vous avez exprim\u00e9s en mati\u00e8re de d\u00e9p\u00f4t de cookies, nous avons bloqu\u00e9 l\u2019affichage de ce contenu. Si vous souhaitez y acc\u00e9der, vous devez accepter la cat\u00e9gorie de cookies \u201cContenus tiers\u201d en cliquant sur le bouton ci-dessous. <\/p>\n<p> Lire la Vid\u00e9o            <\/p>\n<p class=\"asset asset-text\">Ce nouvel \u00e9pisode orageux intervient quelques jours seulement apr\u00e8s des pr\u00e9c\u00e9dents r\u00e9cents, notamment dans le Puy-de-D\u00f4me lundi o\u00f9 un millier de foyers a \u00e9t\u00e9 priv\u00e9 d\u2019\u00e9lectricit\u00e9. En d\u00e9but du mois de mai, c\u2019\u00e9tait la r\u00e9gion parisienne qui \u00e9tait touch\u00e9e par de fortes chutes de gr\u00eales surprises.<\/p>\n<p class=\"asset asset-text\">Dans ses premi\u00e8res pr\u00e9visions estivales, M\u00e9t\u00e9o France reste prudent sur les risques de pr\u00e9cipitations, entre un \u00e9t\u00e9 m\u00e9t\u00e9orologique plus sec que les normales de saison, un \u00e9t\u00e9 conforme aux normales de saison ou un \u00e9t\u00e9 plus humique que les normales de saison.<\/p>\n","protected":false},"excerpt":{"rendered":"OLIVIER CHASSIGNOLE \/ AFP M\u00e9t\u00e9o France place en vigilance orange 5\u00a0d\u00e9partements de l\u2019est (photo d\u2019illutsrtaion prise pr\u00e8s de&hellip;\n","protected":false},"author":2,"featured_media":148261,"comment_status":"","ping_status":"","sticky":false,"template":"","format":"standard","meta":{"footnotes":""},"categories":[2],"tags":[11,1011,27,2487,2357,12,4594],"class_list":{"0":"post-148260","1":"post","2":"type-post","3":"status-publish","4":"format-standard","5":"has-post-thumbnail","7":"category-actualites","8":"tag-actualites","9":"tag-fr","10":"tag-france","11":"tag-meteo","12":"tag-meteo-france","13":"tag-news","14":"tag-orages"},"share_on_mastodon":{"url":"https:\/\/pubeurope.com\/@fr\/114618052431036568","error":""},"_links":{"self":[{"href":"https:\/\/www.europesays.com\/fr\/wp-json\/wp\/v2\/posts\/148260","targetHints":{"allow":["GET"]}}],"collection":[{"href":"https:\/\/www.europesays.com\/fr\/wp-json\/wp\/v2\/posts"}],"about":[{"href":"https:\/\/www.europesays.com\/fr\/wp-json\/wp\/v2\/types\/post"}],"author":[{"embeddable":true,"href":"https:\/\/www.europesays.com\/fr\/wp-json\/wp\/v2\/users\/2"}],"replies":[{"embeddable":true,"href":"https:\/\/www.europesays.com\/fr\/wp-json\/wp\/v2\/comments?post=148260"}],"version-history":[{"count":0,"href":"https:\/\/www.europesays.com\/fr\/wp-json\/wp\/v2\/posts\/148260\/revisions"}],"wp:featuredmedia":[{"embeddable":true,"href":"https:\/\/www.europesays.com\/fr\/wp-json\/wp\/v2\/media\/148261"}],"wp:attachment":[{"href":"https:\/\/www.europesays.com\/fr\/wp-json\/wp\/v2\/media?parent=148260"}],"wp:term":[{"taxonomy":"category","embeddable":true,"href":"https:\/\/www.europesays.com\/fr\/wp-json\/wp\/v2\/categories?post=148260"},{"taxonomy":"post_tag","embeddable":true,"href":"https:\/\/www.europesays.com\/fr\/wp-json\/wp\/v2\/tags?post=148260"}],"curies":[{"name":"wp","href":"https:\/\/api.w.org\/{rel}","templated":true}]}}