{"id":148267,"date":"2025-06-03T06:40:13","date_gmt":"2025-06-03T06:40:13","guid":{"rendered":"https:\/\/www.europesays.com\/fr\/148267\/"},"modified":"2025-06-03T06:40:13","modified_gmt":"2025-06-03T06:40:13","slug":"cafe-des-sports-un-ancien-du-sluc-a-lhonneur-et-les-demi-finales-de-betclic-elite-a-la-tele-cest-le-cafe-des-sports","status":"publish","type":"post","link":"https:\/\/www.europesays.com\/fr\/148267\/","title":{"rendered":"Caf\u00e9 des sports. Un ancien du SLUC \u00e0 l\u2019honneur et les demi-finales de Betclic \u00c9lite \u00e0 la t\u00e9l\u00e9, c\u2019est le caf\u00e9 des sports"},"content":{"rendered":"<p>  Joyeux anniversaires<\/p>\n<p>Plusieurs disciplines \u00e0 l\u2019honneur ce mardi. La boxe, tout d\u2019abord avec Nordine Mouchi qui f\u00eatera ses 53 ans. Le foot avec l\u2019ancien milieu de l\u2019ASNL Karim Coulibaly, qui soufflera sa 32e bougie. Le volley avec l\u2019Ukrainienne Olena Lymareva, pass\u00e9e par le VNVB et qui aura 33 ans ce jour. Enfin le basket avec Ike Nwamu, le Nig\u00e9rian pass\u00e9 par le SLUC Nancy en 2023, qui aura 32 ans \u00e9galement.<\/p>\n<p>  Sur le web<\/p>\n<p>Sur notre <a href=\"https:\/\/www.estrepublicain.fr\/sport\/sport-lorrain\" target=\"_blank\" rel=\"noopener\">site internet<\/a> , retrouvez notamment notre traditionnel diaporama des photos insolites de week-end.<\/p>\n<p>  \u00c0 la t\u00e9l\u00e9<\/p>\n<p>Tennis. Roland-Garros sur FranceTV (\u00e0 partir de 11\u00a0h)<\/p>\n<p>Football. Ligue des nations f\u00e9minine, Islande &#8211; France sur 6ter (19\u00a0h\u00a050)<\/p>\n<p>Handball. Starligue, N\u00eemes &#8211; Montpellier sur BeIn Sports 1 (20\u00a0h)<\/p>\n<p>Basket. Demi-finale de Betclic \u00c9lite, Asvel &#8211; Monaco sur DAZN (21\u00a0h)<\/p>\n","protected":false},"excerpt":{"rendered":"Joyeux anniversaires Plusieurs disciplines \u00e0 l\u2019honneur ce mardi. La boxe, tout d\u2019abord avec Nordine Mouchi qui f\u00eatera ses&hellip;\n","protected":false},"author":2,"featured_media":148268,"comment_status":"","ping_status":"","sticky":false,"template":"","format":"standard","meta":{"footnotes":""},"categories":[9635],"tags":[1111,11,1791,1704,1777,674,1011,27,775,1702,1703,12,25,517,1700],"class_list":{"0":"post-148267","1":"post","2":"type-post","3":"status-publish","4":"format-standard","5":"has-post-thumbnail","7":"category-nancy","8":"tag-actu","9":"tag-actualites","10":"tag-basket-ball","11":"tag-edition-nancy-et-agglomeration","12":"tag-eu","13":"tag-europe","14":"tag-fr","15":"tag-france","16":"tag-grand-est","17":"tag-nancy","18":"tag-nancy-ville-54b","19":"tag-news","20":"tag-republique-francaise","21":"tag-sport","22":"tag-sport-lorrain"},"share_on_mastodon":{"url":"https:\/\/pubeurope.com\/@fr\/114618068145595574","error":""},"_links":{"self":[{"href":"https:\/\/www.europesays.com\/fr\/wp-json\/wp\/v2\/posts\/148267","targetHints":{"allow":["GET"]}}],"collection":[{"href":"https:\/\/www.europesays.com\/fr\/wp-json\/wp\/v2\/posts"}],"about":[{"href":"https:\/\/www.europesays.com\/fr\/wp-json\/wp\/v2\/types\/post"}],"author":[{"embeddable":true,"href":"https:\/\/www.europesays.com\/fr\/wp-json\/wp\/v2\/users\/2"}],"replies":[{"embeddable":true,"href":"https:\/\/www.europesays.com\/fr\/wp-json\/wp\/v2\/comments?post=148267"}],"version-history":[{"count":0,"href":"https:\/\/www.europesays.com\/fr\/wp-json\/wp\/v2\/posts\/148267\/revisions"}],"wp:featuredmedia":[{"embeddable":true,"href":"https:\/\/www.europesays.com\/fr\/wp-json\/wp\/v2\/media\/148268"}],"wp:attachment":[{"href":"https:\/\/www.europesays.com\/fr\/wp-json\/wp\/v2\/media?parent=148267"}],"wp:term":[{"taxonomy":"category","embeddable":true,"href":"https:\/\/www.europesays.com\/fr\/wp-json\/wp\/v2\/categories?post=148267"},{"taxonomy":"post_tag","embeddable":true,"href":"https:\/\/www.europesays.com\/fr\/wp-json\/wp\/v2\/tags?post=148267"}],"curies":[{"name":"wp","href":"https:\/\/api.w.org\/{rel}","templated":true}]}}