{"id":148284,"date":"2025-06-03T06:52:13","date_gmt":"2025-06-03T06:52:13","guid":{"rendered":"https:\/\/www.europesays.com\/fr\/148284\/"},"modified":"2025-06-03T06:52:13","modified_gmt":"2025-06-03T06:52:13","slug":"illkirch-graffenstaden-envahie-par-les-punaises-de-lit-elle-refuse-de-retourner-dans-son-appartement","status":"publish","type":"post","link":"https:\/\/www.europesays.com\/fr\/148284\/","title":{"rendered":"Illkirch-Graffenstaden. Envahie par les punaises de lit, elle refuse de retourner dans son appartement"},"content":{"rendered":"<p>Maud (le pr\u00e9nom a \u00e9t\u00e9 modifi\u00e9) traverse un calvaire. Depuis le 31\u00a0octobre\u00a02024, cette femme c\u00e9libataire, la soixantaine, habite en alternance chez sa m\u00e8re \u00e2g\u00e9e de 81 ans et sa fille \u00e0 Strasbourg \u00a0; elle ne peut plus exercer son m\u00e9tier d\u2019assistante maternelle, faute de pouvoir disposer de son appartement.<\/p>\n<p>\u00c0 deux reprises en quatre mois, le trois-pi\u00e8ces qu\u2019elle occupe depuis 2015 a \u00e9t\u00e9 envahi par <a href=\"https:\/\/www.dna.fr\/societe\/2023\/10\/04\/punaises-de-lit-on-vous-explique-comment-les-reconnaitre\" target=\"_blank\" rel=\"nofollow noopener\">des punaises de lit<\/a>, comme d\u2019autres logements sociaux de cette tour de six \u00e9tages situ\u00e9e rue de l\u2019Orme, \u00e0 Illkirch-Graffenstaden. Une chambre et le salon \u00ab\u00a0\u00e9taient infest\u00e9s, sanglote-t-elle. Il y en avait partout\u00a0: sur les murs, les rideaux, le matelas du lit parapluie&#8230;<\/p>\n","protected":false},"excerpt":{"rendered":"Maud (le pr\u00e9nom a \u00e9t\u00e9 modifi\u00e9) traverse un calvaire. Depuis le 31\u00a0octobre\u00a02024, cette femme c\u00e9libataire, la soixantaine, habite&hellip;\n","protected":false},"author":2,"featured_media":148285,"comment_status":"","ping_status":"","sticky":false,"template":"","format":"standard","meta":{"footnotes":""},"categories":[2820],"tags":[1111,11,2389,1867,1777,674,107,1011,27,775,6225,1908,12,25,71,104,640],"class_list":{"0":"post-148284","1":"post","2":"type-post","3":"status-publish","4":"format-standard","5":"has-post-thumbnail","7":"category-strasbourg","8":"tag-actu","9":"tag-actualites","10":"tag-alsace","11":"tag-animaux","12":"tag-eu","13":"tag-europe","14":"tag-fil-info","15":"tag-fr","16":"tag-france","17":"tag-grand-est","18":"tag-la-matinale","19":"tag-logement","20":"tag-news","21":"tag-republique-francaise","22":"tag-sante","23":"tag-societe","24":"tag-strasbourg"},"share_on_mastodon":{"url":"https:\/\/pubeurope.com\/@fr\/114618115226764183","error":""},"_links":{"self":[{"href":"https:\/\/www.europesays.com\/fr\/wp-json\/wp\/v2\/posts\/148284","targetHints":{"allow":["GET"]}}],"collection":[{"href":"https:\/\/www.europesays.com\/fr\/wp-json\/wp\/v2\/posts"}],"about":[{"href":"https:\/\/www.europesays.com\/fr\/wp-json\/wp\/v2\/types\/post"}],"author":[{"embeddable":true,"href":"https:\/\/www.europesays.com\/fr\/wp-json\/wp\/v2\/users\/2"}],"replies":[{"embeddable":true,"href":"https:\/\/www.europesays.com\/fr\/wp-json\/wp\/v2\/comments?post=148284"}],"version-history":[{"count":0,"href":"https:\/\/www.europesays.com\/fr\/wp-json\/wp\/v2\/posts\/148284\/revisions"}],"wp:featuredmedia":[{"embeddable":true,"href":"https:\/\/www.europesays.com\/fr\/wp-json\/wp\/v2\/media\/148285"}],"wp:attachment":[{"href":"https:\/\/www.europesays.com\/fr\/wp-json\/wp\/v2\/media?parent=148284"}],"wp:term":[{"taxonomy":"category","embeddable":true,"href":"https:\/\/www.europesays.com\/fr\/wp-json\/wp\/v2\/categories?post=148284"},{"taxonomy":"post_tag","embeddable":true,"href":"https:\/\/www.europesays.com\/fr\/wp-json\/wp\/v2\/tags?post=148284"}],"curies":[{"name":"wp","href":"https:\/\/api.w.org\/{rel}","templated":true}]}}