{"id":148295,"date":"2025-06-03T06:58:10","date_gmt":"2025-06-03T06:58:10","guid":{"rendered":"https:\/\/www.europesays.com\/fr\/148295\/"},"modified":"2025-06-03T06:58:10","modified_gmt":"2025-06-03T06:58:10","slug":"cap-metiers-organise-des-formations-a-la-rochelle","status":"publish","type":"post","link":"https:\/\/www.europesays.com\/fr\/148295\/","title":{"rendered":"Cap M\u00e9tiers organise des formations \u00e0 La Rochelle"},"content":{"rendered":"<p>\n\t\t\t\t\t\t\t\t\tCap M\u00e9tiers Aquitaine fournit des informations aux professionnels sur la formation et l&#8217;emploi, entres autres. Cr\u00e9dit photo : Cap M\u00e9tiers\n\t\t\t\t\t\t\t\t<\/p>\n<p>L&rsquo;agence pour l&rsquo;orientation, la formation et l&#8217;emploi, Cap M\u00e9tiers Aquitaine, d\u00e9ploie une programmation \u00e0 destination des professionnels de l&rsquo;orientation, de l&rsquo;accompagnement et de la formation au travers plusieurs ateliers, expositions th\u00e9matiques et formations, \u00e0 La Rochelle.<\/p>\n<p>Cap M\u00e9tiers Aquitaine veut faire \u00e9voluer les pratiques d&rsquo;orientation et d&rsquo;accompagnement.\u00a0\u00c0 destination des enseignants, des conseillers ERIP, des Missions  locales, des structures d\u2019insertion ou encore des agents de la formation, chaque action men\u00e9e par l&rsquo;organisation est con\u00e7ue pour \u00eatre op\u00e9rationnelle et ancr\u00e9e dans les r\u00e9alit\u00e9s du terrain.\u00a0<\/p>\n<p style=\"margin 10px; padding:10px; border:solid 1px orange;\">Cap M\u00e9tiers, l\u2019Agence r\u00e9gionale pour l\u2019orientation, la formation et l\u2019emploi, a \u00e9t\u00e9 cr\u00e9\u00e9e en  2018 par la R\u00e9gion Nouvelle-Aquitaine avec l\u2019appui de l\u2019Etat et de l\u2019ensemble des partenaires  \u00e9conomiques et sociaux r\u00e9gionaux. Elle a pour vocation de fournir des informations aux professionnels et au grand public sur la formation, l\u2019emploi, l\u2019orientation et les m\u00e9tiers, d&rsquo;observer et analyser la relation formation-emploi et ses \u00e9volutions dans les territoires, d&rsquo;outiller et professionnaliser les acteurs de l&rsquo;orientation, de la formation, de l\u2019insertion et de l\u2019emploi pour r\u00e9pondre aux demandes  de leurs publics, de d\u00e9velopper un appui et une expertise aupr\u00e8s de ses financeurs et de ses partenaires, et faciliter la mise en r\u00e9seau des acteurs.\u00a0<\/p>\n<p>Une dizaine de formations en 2025<\/p>\n<p>En 2025, pr\u00e8s d\u2019une dizaine de formations sont propos\u00e9es \u00e0 La Rochelle dans le cadre du programme ParcoursPro. De l\u2019usage des neurosciences en p\u00e9dagogie \u00e0 la mobilisation des publics via la motivation, les th\u00e9matiques abord\u00e9es r\u00e9pondent aux besoins concrets des professionnels de terrain.\u00a0Au-del\u00e0 des formations, La Rochelle accueille tout au long de l\u2019ann\u00e9e des \u00e9v\u00e9nements immersifs tels que \u00ab le jeu de plateau Bor\u00e9alis \u00bb pour explorer les m\u00e9tiers de mani\u00e8re ludique ; \u00ab les expositions interactives \u00bb comme celle d\u00e9di\u00e9e aux m\u00e9tiers du BTP (avril-septembre 2025) ; \u00ab l\u2019escape game multisectoriel Destination plan\u00e8te N\u00e9oakitania \u00bb (septembre-d\u00e9cembre 2025). Ces animations permettent de r\u00e9pondre \u00e0 un enjeu local fort puisque le territoire de la Charente-Maritime est confront\u00e9 \u00e0 des tensions de recrutement.\u00a0<\/p>\n","protected":false},"excerpt":{"rendered":"Cap M\u00e9tiers Aquitaine fournit des informations aux professionnels sur la formation et l&#8217;emploi, entres autres. Cr\u00e9dit photo :&hellip;\n","protected":false},"author":2,"featured_media":148296,"comment_status":"","ping_status":"","sticky":false,"template":"","format":"standard","meta":{"footnotes":""},"categories":[2817],"tags":[1111,11,1997,1777,674,1011,27,12,2219,5645,25],"class_list":{"0":"post-148295","1":"post","2":"type-post","3":"status-publish","4":"format-standard","5":"has-post-thumbnail","7":"category-bordeaux","8":"tag-actu","9":"tag-actualites","10":"tag-bordeaux","11":"tag-eu","12":"tag-europe","13":"tag-fr","14":"tag-france","15":"tag-news","16":"tag-nouvelle-aquitaine","17":"tag-placco-placeco","18":"tag-republique-francaise"},"share_on_mastodon":{"url":"https:\/\/pubeurope.com\/@fr\/114618139085966075","error":""},"_links":{"self":[{"href":"https:\/\/www.europesays.com\/fr\/wp-json\/wp\/v2\/posts\/148295","targetHints":{"allow":["GET"]}}],"collection":[{"href":"https:\/\/www.europesays.com\/fr\/wp-json\/wp\/v2\/posts"}],"about":[{"href":"https:\/\/www.europesays.com\/fr\/wp-json\/wp\/v2\/types\/post"}],"author":[{"embeddable":true,"href":"https:\/\/www.europesays.com\/fr\/wp-json\/wp\/v2\/users\/2"}],"replies":[{"embeddable":true,"href":"https:\/\/www.europesays.com\/fr\/wp-json\/wp\/v2\/comments?post=148295"}],"version-history":[{"count":0,"href":"https:\/\/www.europesays.com\/fr\/wp-json\/wp\/v2\/posts\/148295\/revisions"}],"wp:featuredmedia":[{"embeddable":true,"href":"https:\/\/www.europesays.com\/fr\/wp-json\/wp\/v2\/media\/148296"}],"wp:attachment":[{"href":"https:\/\/www.europesays.com\/fr\/wp-json\/wp\/v2\/media?parent=148295"}],"wp:term":[{"taxonomy":"category","embeddable":true,"href":"https:\/\/www.europesays.com\/fr\/wp-json\/wp\/v2\/categories?post=148295"},{"taxonomy":"post_tag","embeddable":true,"href":"https:\/\/www.europesays.com\/fr\/wp-json\/wp\/v2\/tags?post=148295"}],"curies":[{"name":"wp","href":"https:\/\/api.w.org\/{rel}","templated":true}]}}