{"id":148303,"date":"2025-06-03T07:02:08","date_gmt":"2025-06-03T07:02:08","guid":{"rendered":"https:\/\/www.europesays.com\/fr\/148303\/"},"modified":"2025-06-03T07:02:08","modified_gmt":"2025-06-03T07:02:08","slug":"ou-participer-pres-de-lille","status":"publish","type":"post","link":"https:\/\/www.europesays.com\/fr\/148303\/","title":{"rendered":"o\u00f9 participer pr\u00e8s de Lille\u00a0?"},"content":{"rendered":"<p>            Par<br \/>\n        <strong><br \/>\n            <a href=\"https:\/\/actu.fr\/auteur\/amandine-vachez\" title=\"Consulter tous les articles de Amandine Vachez\" rel=\"nofollow noopener\" target=\"_blank\">Amandine Vachez<\/a><br \/>\n        <\/strong><\/p>\n<p>        Publi\u00e9 le<\/p>\n<p>            3 juin 2025 \u00e0 8h22        <\/p>\n<p>\u00ab\u2009Rentrer dans une agence et repartir avec un <b>CDI<\/b>\u2009\u00bb. C\u2019est la promesse mise en avant par <b>O2, pour son job-dating <\/b>appel\u00e9<b> \u00ab\u2009job-caf\u00e9\u2009\u00bb<\/b>, organis\u00e9 dans de nombreuses agences des <a href=\"https:\/\/actu.fr\/hauts-de-france\/\" rel=\"nofollow noopener\" target=\"_blank\">Hauts-de-France<\/a>\u2009: 28 agences dans la r\u00e9gion en tout. Mais o\u00f9 participer, quand et comment \u00e0 proximit\u00e9 de <a href=\"https:\/\/actu.fr\/lille\/\" rel=\"nofollow noopener\" target=\"_blank\">Lille<\/a> et plus g\u00e9n\u00e9ralement <b>dans le <a href=\"https:\/\/actu.fr\/hauts-de-france\/nord_59\" rel=\"nofollow noopener\" target=\"_blank\">Nord<\/a><\/b>\u2009? R\u00e9ponse.<\/p>\n<p>Une journ\u00e9e de \u00ab\u2009job-caf\u00e9\u2009\u00bb partout en France, dont pr\u00e8s de Lille<\/p>\n<p class=\" wall-content\">La date \u00e0 retenir c\u2019est celle du<b> jeudi 5\u00a0juin 2025.<\/b> Le \u00ab\u2009job-caf\u00e9\u2009\u00bb est pr\u00e9vu tout au long de la journ\u00e9e, <b>de 9\u2009h \u00e0 18\u2009h. <\/b>\u00c0 la cl\u00e9 <b>2\u2009700 postes \u00e0 pourvoir<\/b> dans toute la France, dans cette agence sp\u00e9cialis\u00e9e dans le <b>service \u00e0 la personne \u00e0 domicile<\/b>. O2 vante \u00ab\u2009un processus de recrutement simple, rapide et humain pour r\u00e9pondre aux besoins croissants en aide \u00e0 domicile.\u2009\u00bb<\/p>\n<p class=\" wall-content\">C\u2019est dans un \u00ab\u2009format d\u00e9contract\u00e9\u2009\u00bb que se tiennent ces rencontres professionnelles, pour sa 7e \u00e9dition. Un moyen de \u00ab\u2009bousculer les codes du recrutement traditionnel. Oubliez les entretiens formels\u2009! Ici,<b> les \u00e9changes se font autour d\u2019un caf\u00e9<\/b>, dans une ambiance conviviale et sans stress avec la possibilit\u00e9 de repartir avec un contrat de travail\u2009\u00bb, pr\u00e9cise O2.<\/p>\n<p class=\" wall-content\">\u201cNous souhaitons proposer une exp\u00e9rience plus fluide, plus directe. <b>Pas besoin de CV <\/b>ou de lettre de motivation\u2009: ce qui compte, c\u2019est la motivation, le savoir-\u00eatre du candidat et l\u2019envie d\u2019aider les autres. Pour toutes les questions relatives \u00e0 la formation, nous accompagnons les nouveaux salari\u00e9s dans le d\u00e9veloppement de leurs comp\u00e9tences\u201d, souligne Tasha Teguia, directrice des ressources humaines chez O2.<\/p>\n<p class=\" wall-content\">Sur place, les candidats pourront <b>d\u00e9couvrir les m\u00e9tiers <\/b>propos\u00e9s par l\u2019entreprise, <b>rencontrer les \u00e9quipes<\/b> dans les agences et\u00a0passer un <b>premier entretien<\/b> \u00ab\u2009dans un cadre chaleureux et rassurant.\u2009\u00bb<\/p>\n<p>Vid\u00e9os : en ce moment sur ActuQuelles agences participantes pr\u00e8s de Lille et dans le Nord\u2009?<\/p>\n<p class=\" wall-content\">Propos\u00e9s <b>en CDI ou CDD<\/b>, les postes propos\u00e9s assurent, dit l\u2019entreprise, \u00ab\u2009de nombreux avantages\u2009: <b>horaires adapt\u00e9s, smartphone de fonction, remboursement des frais<\/b> et parcours de <a href=\"https:\/\/actu.fr\/tag\/formation\" rel=\"nofollow noopener\" target=\"_blank\">formation<\/a> d\u00e8s l\u2019embauche.\u2009\u00bb<\/p>\n<p class=\" wall-content\">Les agences du Nord qui participent\u2009:<\/p>\n<ul class=\" wall-content\">\n<li>96 Rue Pierre Mauroy, 59\u2009000, <b>Lille<\/b><\/li>\n<li>40 Rue de l\u2019Abbe Lemire, 59\u2009110, <b>La Madeleine<\/b><\/li>\n<li>139b Rond Point Rues Burgault \u2013 Arbre Guise, 59\u2009113, <b>Seclin<\/b><\/li>\n<li>51 Rue du Sud, 59\u2009140, <b>Dunkerque<\/b><\/li>\n<li>55 Rue du Rivage, 59\u2009190, <b>Hazebrouck<\/b><\/li>\n<li>43 Rue de Wailly, 59\u2009200, <b>Tourcoing<\/b><\/li>\n<li>103 Rue de Lille, 59\u2009223, <b>Roncq<\/b><\/li>\n<li>4 Avenue des Dentelli\u00e8res, 59\u2009300, <b>Valenciennes<\/b><\/li>\n<li>184 Rue Sadi Carnot, 59\u2009320, <b>Haubourdin<\/b><\/li>\n<li>4 Rue Francis Blanche, 59\u2009350, <b>Saint-Andr\u00e9-lez-Lille<\/b><\/li>\n<li>101 Rue Louis Constant, 59\u2009491, <b>Villeneuve-d\u2019Ascq<\/b><\/li>\n<li>11 rue Durutte, 59\u2009500, <b>Douai<\/b><\/li>\n<li>70 Rue Henri Barbusse, 59\u2009580, <b>Aniche<\/b><\/li>\n<li>14 Place Clovis Thiers, 59\u2009700, <b>Marcq-en-Bar\u0153ul<\/b><\/li>\n<li>109 rue de Tournai, 59\u2009780, <b>Baisieux<\/b><\/li>\n<li>136 Route Nationale, 59\u2009930, <b>La Chapelle d\u2019Armenti\u00e8res.<\/b><\/li>\n<\/ul>\n<p class=\" wall-content\">Du c\u00f4t\u00e9 du Pas-de-Calais tout proche, les agences d\u2019<b>Arras<\/b> (8 Avenue Paul Michonneau), de <b>Boulogne-sur-Mer<\/b> (15 Rue Coquelin) et d\u2019<b>Arques<\/b> (46c Rue Adrien Danvers) participent.<\/p>\n<p class=\" wall-content\">De quoi offrir une perspective d\u2019embauche \u00e0 de nombreux nordistes\u2009! Plus d\u2019infos sur O2 <a href=\"https:\/\/www.o2.fr\/\" rel=\"nofollow noopener\" target=\"_blank\">par ici<\/a>.<\/p>\n<p class=\" wall-content\">Suivez toute l\u2019actualit\u00e9 de vos villes et m\u00e9dias favoris en vous inscrivant \u00e0 <a href=\"https:\/\/moncompte.actu.fr\" title=\"D\u00e9couvez Mon Actu\" rel=\"nofollow noopener\" data-trk=\"{&quot;cta&quot;:{&quot;action&quot;:&quot;https:\\\/\\\/moncompte.actu.fr&quot;,&quot;category&quot;:&quot;mon compte&quot;,&quot;from&quot;:&quot;article footer&quot;,&quot;name&quot;:&quot;Mon actu&quot;,&quot;type&quot;:&quot;cta&quot;}}\" target=\"_blank\">Mon Actu<\/a>.<\/p>\n","protected":false},"excerpt":{"rendered":"Par Amandine Vachez Publi\u00e9 le 3 juin 2025 \u00e0 8h22 \u00ab\u2009Rentrer dans une agence et repartir avec un&hellip;\n","protected":false},"author":2,"featured_media":148304,"comment_status":"","ping_status":"","sticky":false,"template":"","format":"standard","meta":{"footnotes":""},"categories":[2815],"tags":[1111,11,341,1777,674,1011,27,811,1307,12,25,104],"class_list":{"0":"post-148303","1":"post","2":"type-post","3":"status-publish","4":"format-standard","5":"has-post-thumbnail","7":"category-lille","8":"tag-actu","9":"tag-actualites","10":"tag-emploi","11":"tag-eu","12":"tag-europe","13":"tag-fr","14":"tag-france","15":"tag-hauts-de-france","16":"tag-lille","17":"tag-news","18":"tag-republique-francaise","19":"tag-societe"},"share_on_mastodon":{"url":"https:\/\/pubeurope.com\/@fr\/114618154649387532","error":""},"_links":{"self":[{"href":"https:\/\/www.europesays.com\/fr\/wp-json\/wp\/v2\/posts\/148303","targetHints":{"allow":["GET"]}}],"collection":[{"href":"https:\/\/www.europesays.com\/fr\/wp-json\/wp\/v2\/posts"}],"about":[{"href":"https:\/\/www.europesays.com\/fr\/wp-json\/wp\/v2\/types\/post"}],"author":[{"embeddable":true,"href":"https:\/\/www.europesays.com\/fr\/wp-json\/wp\/v2\/users\/2"}],"replies":[{"embeddable":true,"href":"https:\/\/www.europesays.com\/fr\/wp-json\/wp\/v2\/comments?post=148303"}],"version-history":[{"count":0,"href":"https:\/\/www.europesays.com\/fr\/wp-json\/wp\/v2\/posts\/148303\/revisions"}],"wp:featuredmedia":[{"embeddable":true,"href":"https:\/\/www.europesays.com\/fr\/wp-json\/wp\/v2\/media\/148304"}],"wp:attachment":[{"href":"https:\/\/www.europesays.com\/fr\/wp-json\/wp\/v2\/media?parent=148303"}],"wp:term":[{"taxonomy":"category","embeddable":true,"href":"https:\/\/www.europesays.com\/fr\/wp-json\/wp\/v2\/categories?post=148303"},{"taxonomy":"post_tag","embeddable":true,"href":"https:\/\/www.europesays.com\/fr\/wp-json\/wp\/v2\/tags?post=148303"}],"curies":[{"name":"wp","href":"https:\/\/api.w.org\/{rel}","templated":true}]}}