{"id":148309,"date":"2025-06-03T07:05:17","date_gmt":"2025-06-03T07:05:17","guid":{"rendered":"https:\/\/www.europesays.com\/fr\/148309\/"},"modified":"2025-06-03T07:05:17","modified_gmt":"2025-06-03T07:05:17","slug":"jumelage-entre-des-lycees-de-marseille-et-de-erevan","status":"publish","type":"post","link":"https:\/\/www.europesays.com\/fr\/148309\/","title":{"rendered":"Jumelage entre des lyc\u00e9es de Marseille et de Erevan"},"content":{"rendered":"<p>Le lyc\u00e9e Nelson Mandela, situ\u00e9 dans les 11\u1d49 et 12\u1d49 arrondissements de Marseille, est d\u00e9sormais jumel\u00e9 avec le lyc\u00e9e Manuel Qajuni \u00e0 Erevan, en Arm\u00e9nie. Ce projet, m\u00fbri sur deux ann\u00e9es, vise \u00e0 renforcer l\u2019ouverture culturelle et citoyenne des \u00e9l\u00e8ves, en lien avec les enjeux p\u00e9dagogiques contemporains. Bien que les \u00e9l\u00e8ves ne soient pas majoritairement d\u2019origine arm\u00e9nienne, les liens historiques entre Marseille et l\u2019Arm\u00e9nie, visibles notamment autour de l\u2019\u00e9tablissement, ont motiv\u00e9 cette initiative. Monuments comm\u00e9moratifs, noms de rues et histoire locale t\u00e9moignent de ces relations anciennes.<\/p>\n<p><img loading=\"lazy\" data-lazyloaded=\"1\" decoding=\"async\" class=\"alignnone size-full wp-image-283975\" src=\"https:\/\/www.europesays.com\/fr\/wp-content\/uploads\/2025\/06\/Capture-decran-2025-06-02-a-16.49.58.png\" alt=\"\" width=\"1352\" height=\"765\"\/><\/p>\n<p>\u00a0<\/p>\n<p>L\u2019enseignement scolaire fran\u00e7ais \u00e9voque d\u00e9j\u00e0 l\u2019Arm\u00e9nie, de l\u2019Antiquit\u00e9 \u00e0 la Premi\u00e8re Guerre mondiale. C\u2019est dans ce cadre que les \u00e9l\u00e8ves ont \u00e9t\u00e9 conduits pour la premi\u00e8re fois au m\u00e9morial de Tsitsernakaberd, \u00e0 Erevan, pour approfondir leur compr\u00e9hension du devoir de m\u00e9moire et des g\u00e9nocides.<\/p>\n<p>En mai 2024, une d\u00e9l\u00e9gation du lyc\u00e9e marseillais s\u2019est rendue en Arm\u00e9nie pour une rencontre riche en \u00e9motions et en d\u00e9couvertes. En octobre suivant, les jeunes Arm\u00e9niens ont \u00e9t\u00e9 accueillis \u00e0 Marseille, d\u00e9couvrant \u00e0 leur tour le patrimoine de la ville. Cette dynamique d\u2019\u00e9change va se poursuivre tout au long de l\u2019ann\u00e9e scolaire autour de projets vari\u00e9s : litt\u00e9rature proven\u00e7ale, droits de l\u2019homme, d\u00e9mocratie, et compr\u00e9hension de l\u2019Autre dans une Europe en mutation.<\/p>\n<p><img loading=\"lazy\" data-lazyloaded=\"1\" decoding=\"async\" class=\"alignnone size-full wp-image-283996\" src=\"https:\/\/www.europesays.com\/fr\/wp-content\/uploads\/2025\/06\/IMG-20250520-WA0007.jpg\" alt=\"\" width=\"1600\" height=\"900\"\/><\/p>\n<p>L\u2019\u00e9quipe \u00e9ducative souhaite d\u00e9sormais int\u00e9grer ces actions dans les dispositifs europ\u00e9ens comme eTwinning et Erasmus+. Suivis de pr\u00e8s par les repr\u00e9sentations diplomatiques fran\u00e7aises et arm\u00e9niennes, ces \u00e9changes pourraient devenir un mod\u00e8le pour d\u2019autres jumelages franco-arm\u00e9niens. Le lyc\u00e9e est pr\u00eat \u00e0 partager cette aventure avec de nouveaux partenaires, dans un esprit d\u2019ouverture et d\u2019engagement.<\/p>\n<p>Rose Guiragossian, enseignante et actrice du jumelage<\/p>\n<p><img data-lazyloaded=\"1\" loading=\"lazy\" decoding=\"async\" class=\"alignnone wp-image-283997\" src=\"https:\/\/www.europesays.com\/fr\/wp-content\/uploads\/2025\/06\/IMG-20250520-WA0010.jpg\" alt=\"\" width=\"854\" height=\"1516\"\/><\/p>\n<p>\u00a0<\/p>\n<p>\u00a0<\/p>\n","protected":false},"excerpt":{"rendered":"Le lyc\u00e9e Nelson Mandela, situ\u00e9 dans les 11\u1d49 et 12\u1d49 arrondissements de Marseille, est d\u00e9sormais jumel\u00e9 avec le&hellip;\n","protected":false},"author":2,"featured_media":148310,"comment_status":"","ping_status":"","sticky":false,"template":"","format":"standard","meta":{"footnotes":""},"categories":[2814],"tags":[27754,4865,1111,11,1057,18639,1777,674,1011,27,884,12,882,25],"class_list":{"0":"post-148309","1":"post","2":"type-post","3":"status-publish","4":"format-standard","5":"has-post-thumbnail","7":"category-marseille","8":"tag-05-la-cinq","9":"tag-06-une-de-rubrique","10":"tag-actu","11":"tag-actualites","12":"tag-education","13":"tag-erevan","14":"tag-eu","15":"tag-europe","16":"tag-fr","17":"tag-france","18":"tag-marseille","19":"tag-news","20":"tag-provence-alpes-cote-dazur","21":"tag-republique-francaise"},"share_on_mastodon":{"url":"https:\/\/pubeurope.com\/@fr\/114618166613654504","error":""},"_links":{"self":[{"href":"https:\/\/www.europesays.com\/fr\/wp-json\/wp\/v2\/posts\/148309","targetHints":{"allow":["GET"]}}],"collection":[{"href":"https:\/\/www.europesays.com\/fr\/wp-json\/wp\/v2\/posts"}],"about":[{"href":"https:\/\/www.europesays.com\/fr\/wp-json\/wp\/v2\/types\/post"}],"author":[{"embeddable":true,"href":"https:\/\/www.europesays.com\/fr\/wp-json\/wp\/v2\/users\/2"}],"replies":[{"embeddable":true,"href":"https:\/\/www.europesays.com\/fr\/wp-json\/wp\/v2\/comments?post=148309"}],"version-history":[{"count":0,"href":"https:\/\/www.europesays.com\/fr\/wp-json\/wp\/v2\/posts\/148309\/revisions"}],"wp:featuredmedia":[{"embeddable":true,"href":"https:\/\/www.europesays.com\/fr\/wp-json\/wp\/v2\/media\/148310"}],"wp:attachment":[{"href":"https:\/\/www.europesays.com\/fr\/wp-json\/wp\/v2\/media?parent=148309"}],"wp:term":[{"taxonomy":"category","embeddable":true,"href":"https:\/\/www.europesays.com\/fr\/wp-json\/wp\/v2\/categories?post=148309"},{"taxonomy":"post_tag","embeddable":true,"href":"https:\/\/www.europesays.com\/fr\/wp-json\/wp\/v2\/tags?post=148309"}],"curies":[{"name":"wp","href":"https:\/\/api.w.org\/{rel}","templated":true}]}}