{"id":148313,"date":"2025-06-03T07:07:08","date_gmt":"2025-06-03T07:07:08","guid":{"rendered":"https:\/\/www.europesays.com\/fr\/148313\/"},"modified":"2025-06-03T07:07:08","modified_gmt":"2025-06-03T07:07:08","slug":"absents-au-vote-pour-sauver-les-zfe-les-deputes-ecologistes-de-lyon-se-defendent-peniblement","status":"publish","type":"post","link":"https:\/\/www.europesays.com\/fr\/148313\/","title":{"rendered":"Absents au vote pour sauver les ZFE, les d\u00e9put\u00e9s \u00e9cologistes de Lyon se d\u00e9fendent p\u00e9niblement"},"content":{"rendered":"<p>Absents au vote pour sauver les ZFE, les d\u00e9put\u00e9s \u00e9cologistes de Lyon se d\u00e9fendent p\u00e9niblement &#8211; Montage LyonMag<\/p>\n<p itemprop=\"description\"><strong>C&rsquo;\u00e9tait l&rsquo;une des images fortes de la semaine derni\u00e8re.<\/strong><\/p>\n<p>La col\u00e8re noire de <a href=\"https:\/\/www.lyonmag.com\/profil-personnalite-lyonnaise\/504\/gregory-doucet\" target=\"_blank\" rel=\"noopener\">Gr\u00e9gory Doucet<\/a> et <a href=\"https:\/\/www.lyonmag.com\/profil-personnalite-lyonnaise\/518\/bruno-bernard\" target=\"_blank\" rel=\"noopener\">Bruno Bernard<\/a> apr\u00e8s le vote des d\u00e9put\u00e9s d&rsquo;un article visant \u00e0 supprimer les Zones \u00e0 faibles \u00e9missions (ZFE). Les deux \u00e9lus \u00e9cologistes pouvaient difficilement contenir leur ire, d&rsquo;autant que <a href=\"https:\/\/www.lyonmag.com\/article\/144376\/zfe-les-deputes-ecologistes-de-lyon-ont-seche-le-vote-a-l-assemblee-nationale\" target=\"_blank\" rel=\"noopener\">leurs deux parlementaires lyonnais avaient s\u00e9ch\u00e9 la s\u00e9ance<\/a>&#8230;<\/p>\n<p>Il n&rsquo;en fallait pas plus pour que les internautes imaginent <a href=\"https:\/\/www.lyonmag.com\/profil-personnalite-lyonnaise\/740\/boris-tavernier\" target=\"_blank\" rel=\"noopener\">Boris Tavernier<\/a> et <a href=\"https:\/\/www.lyonmag.com\/profil-personnalite-lyonnaise\/708\/marie-charlotte-garin\" target=\"_blank\" rel=\"noopener\">Marie-Charlotte Garin<\/a> pr\u00e9f\u00e9rer partir en week-end prolong\u00e9 plut\u00f4t que de sauver les ZFE un mercredi soir, veille de jour f\u00e9ri\u00e9, et donc gal\u00e8re pour revenir dans le Rh\u00f4ne.<\/p>\n<p>Le duo a pris le temps de pr\u00e9parer sa d\u00e9fense et a choisi nos confr\u00e8res d&rsquo;<a href=\"https:\/\/actu.fr\/auvergne-rhone-alpes\/lyon_69123\/lyon-l-absence-des-deputes-ecologistes-pour-sauver-la-zfe-critiquee-ils-avaient-piscine_62717427.html\" target=\"_blank\" rel=\"noopener\">Actu Lyon<\/a> pour communiquer. Malgr\u00e9 cela, leurs excuses ne seront gu\u00e8re entendues par certains militants \u00e9cologistes tr\u00e8s remont\u00e9s.<\/p>\n<p>Le d\u00e9put\u00e9 de la 2e circonscription du Rh\u00f4ne avait d&rsquo;abord annonc\u00e9 avoir \u00e9t\u00e9 absent pour le vote mercredi soir pour \u00ab\u00a0raisons personnelles\u00a0\u00bb. Une excuse qui s&rsquo;est volatilis\u00e9e depuis, et qui s&rsquo;est transform\u00e9e en :\u00a0\u00ab\u00a0M\u00eame une pr\u00e9sence \u00e0 100% du groupe \u00c9cologiste et Social n&rsquo;aurait pas suffi \u00e0 faire basculer le vote\u00a0\u00bb.<\/p>\n<p>Il y avait en effet 14 d\u00e9put\u00e9s \u00e9cologistes sur 39 pr\u00e9sents au vote de l&rsquo;article 15 ter, adopt\u00e9 \u00e0 98 voix \u00ab\u00a0pour\u00a0\u00bb et 51 \u00ab\u00a0contre\u00a0\u00bb.<\/p>\n<p>Du c\u00f4t\u00e9 de Marie-Charlotte Garin, on rappelle qu&rsquo;il y a des s\u00e9ances tout le temps \u00e0 l&rsquo;Assembl\u00e9e nationale et en commissions, y compris la nuit et qu&rsquo;elle a surtout travaill\u00e9 sur la loi sur la fin de vie. Et de conclure en rappelant que son groupe s&rsquo;organise pour qu&rsquo;il y ait toujours un membre pr\u00e9sent \u00e0 chaque vote.<\/p>\n<p>L&rsquo;une comme l&rsquo;autre devraient \u00eatre pr\u00e9sents lors du vote du projet de loi de simplification de la vie \u00e9conomique dans lequel a \u00e9t\u00e9 gliss\u00e9 le fameux article qui veut la mort des ZFE.<\/p>\n","protected":false},"excerpt":{"rendered":"Absents au vote pour sauver les ZFE, les d\u00e9put\u00e9s \u00e9cologistes de Lyon se d\u00e9fendent p\u00e9niblement &#8211; Montage LyonMag&hellip;\n","protected":false},"author":2,"featured_media":148314,"comment_status":"","ping_status":"","sticky":false,"template":"","format":"standard","meta":{"footnotes":""},"categories":[1889],"tags":[1111,11,2813,2190,2430,1109,251,1112,2811,1777,674,118,1011,27,1922,1110,1114,2428,2810,12,241,316,25,2812,517,800],"class_list":{"0":"post-148313","1":"post","2":"type-post","3":"status-publish","4":"format-standard","5":"has-post-thumbnail","7":"category-lyon","8":"tag-actu","9":"tag-actualites","10":"tag-article","11":"tag-asvel","12":"tag-auvergne-rhone-alpes","13":"tag-breves","14":"tag-culture","15":"tag-depeches","16":"tag-economique","17":"tag-eu","18":"tag-europe","19":"tag-faits-divers","20":"tag-fr","21":"tag-france","22":"tag-info","23":"tag-informations","24":"tag-infos","25":"tag-lyon","26":"tag-lyonmag","27":"tag-news","28":"tag-ol","29":"tag-politique","30":"tag-republique-francaise","31":"tag-sociale","32":"tag-sport","33":"tag-transports"},"share_on_mastodon":{"url":"https:\/\/pubeurope.com\/@fr\/114618174312144179","error":""},"_links":{"self":[{"href":"https:\/\/www.europesays.com\/fr\/wp-json\/wp\/v2\/posts\/148313","targetHints":{"allow":["GET"]}}],"collection":[{"href":"https:\/\/www.europesays.com\/fr\/wp-json\/wp\/v2\/posts"}],"about":[{"href":"https:\/\/www.europesays.com\/fr\/wp-json\/wp\/v2\/types\/post"}],"author":[{"embeddable":true,"href":"https:\/\/www.europesays.com\/fr\/wp-json\/wp\/v2\/users\/2"}],"replies":[{"embeddable":true,"href":"https:\/\/www.europesays.com\/fr\/wp-json\/wp\/v2\/comments?post=148313"}],"version-history":[{"count":0,"href":"https:\/\/www.europesays.com\/fr\/wp-json\/wp\/v2\/posts\/148313\/revisions"}],"wp:featuredmedia":[{"embeddable":true,"href":"https:\/\/www.europesays.com\/fr\/wp-json\/wp\/v2\/media\/148314"}],"wp:attachment":[{"href":"https:\/\/www.europesays.com\/fr\/wp-json\/wp\/v2\/media?parent=148313"}],"wp:term":[{"taxonomy":"category","embeddable":true,"href":"https:\/\/www.europesays.com\/fr\/wp-json\/wp\/v2\/categories?post=148313"},{"taxonomy":"post_tag","embeddable":true,"href":"https:\/\/www.europesays.com\/fr\/wp-json\/wp\/v2\/tags?post=148313"}],"curies":[{"name":"wp","href":"https:\/\/api.w.org\/{rel}","templated":true}]}}