{"id":148322,"date":"2025-06-03T07:13:09","date_gmt":"2025-06-03T07:13:09","guid":{"rendered":"https:\/\/www.europesays.com\/fr\/148322\/"},"modified":"2025-06-03T07:13:09","modified_gmt":"2025-06-03T07:13:09","slug":"paris-heetch-ouvre-le-bar-le-moins-cher-de-la-capitale","status":"publish","type":"post","link":"https:\/\/www.europesays.com\/fr\/148322\/","title":{"rendered":"Paris\u00a0: Heetch ouvre le bar \u00ab\u00a0le moins cher de la capitale\u00a0\u00bb"},"content":{"rendered":"<p class=\"paragraph text_align_left\">Oubliez les cocktails \u00e0 15 euros et les traditionnelles additions sal\u00e9es parisiennes : <a href=\"https:\/\/www.leparisien.fr\/economie\/heetch-bolt-uber-comment-la-guerre-des-prix-fait-rage-entre-les-plates-formes-de-vtc-22-04-2025-C26UGKDE7JD3JBVSCHYZOJEVVM.php\" target=\"_blank\" rel=\"noreferrer nofollow noopener\">Heetch, parmi les premi\u00e8res applications VTC<\/a> en France, lance son tout premier bar \u00e9ph\u00e9m\u00e8re dans la capitale avec des prix d\u00e9fiant toute concurrence.<\/p>\n<p class=\"paragraph text_align_left\">Du 4 au 30 juin, au 13 rue du Faubourg Saint-Denis, le Heetch Bar propose une alternative aux tarifs souvent \u00e9lev\u00e9s de la capitale. Ce nouveau lieu s\u2019installe en r\u00e9alit\u00e9 le temps de quelques semaines en lieu et place du populaire bar \u00ab Le Sully \u00bb, d\u00e9j\u00e0 connu des parisiens pour ses prix attractifs.<\/p>\n<p class=\"paragraph text_align_left\">Cette collaboration vise \u00e0 cr\u00e9er un espace convivial et proposer \u00ab une carte ultra-accessible, pens\u00e9e pour faire plaisir aux petits budgets \u00bb, assure l\u2019application dans son communiqu\u00e9 de presse. Comptez 1 euro pour un caf\u00e9, 3,50 euros <a href=\"https:\/\/www.leparisien.fr\/societe\/paris-depuis-balance-ta-pinte-ambiance-amere-sur-les-terrasses-de-la-capitale-28-03-2025-D6VTY7ZNTFEC7ECXC62H4DWWVY.php\" target=\"_blank\" rel=\"noreferrer nofollow noopener\">pour une bi\u00e8re<\/a> ou pour une boisson soft et enfin 5 euros pour un cocktail. La grenadine est m\u00eame \u00ab enti\u00e8rement gratuite \u00bb.<\/p>\n<p>Happy hour toute la journ\u00e9e<\/p>\n<p class=\"paragraph text_align_left\">Des tarifs \u00ab l\u00e9gers \u00bb qui s\u2019appliquent tout le temps de l\u2019ouverture, de 7h30 \u00e0 2 heures du matin, puisqu\u2019il n\u2019y a pas d\u2019happy hour \u00e0 proprement parler. Selon une \u00e9tude comparative r\u00e9alis\u00e9e \u00e0 Paris en mai 2025 aupr\u00e8s de 400 \u00e9tablissements, ses prix cass\u00e9s feraient m\u00eame de ce bar \u00ab le moins cher de la capitale \u00bb.<\/p>\n<p class=\"paragraph text_align_left\">\u00ab Le Heetch Bar, c\u2019est \u00e0 la fois une terrasse conviviale, un service attentionn\u00e9, et une ambiance d\u00e9contract\u00e9e du matin jusqu\u2019\u00e0 tard dans la nuit \u00bb, explique l\u2019entreprise. Au-del\u00e0 du c\u00f4t\u00e9 financier, le Heetch Bar mise aussi sur une ambiance d\u00e9contract\u00e9e. Jeux de soci\u00e9t\u00e9 \u00e0 disposition, playlist collaborative\u2026 \u00ab \u00c0 l\u2019image d\u2019un trajet en VTC Heetch, l\u2019exp\u00e9rience au Heetch Bar mise sur la simplicit\u00e9, l\u2019accessibilit\u00e9 et l\u2019exp\u00e9rience \u00bb, pr\u00e9cise le communiqu\u00e9.<\/p>\n","protected":false},"excerpt":{"rendered":"Oubliez les cocktails \u00e0 15 euros et les traditionnelles additions sal\u00e9es parisiennes : Heetch, parmi les premi\u00e8res applications&hellip;\n","protected":false},"author":2,"featured_media":148323,"comment_status":"","ping_status":"","sticky":false,"template":"","format":"standard","meta":{"footnotes":""},"categories":[1888],"tags":[11,1777,674,1011,27,1944,12,626,25],"class_list":{"0":"post-148322","1":"post","2":"type-post","3":"status-publish","4":"format-standard","5":"has-post-thumbnail","7":"category-paris","8":"tag-actualites","9":"tag-eu","10":"tag-europe","11":"tag-fr","12":"tag-france","13":"tag-ma-ville","14":"tag-news","15":"tag-paris","16":"tag-republique-francaise"},"share_on_mastodon":{"url":"https:\/\/pubeurope.com\/@fr\/114618205665895459","error":""},"_links":{"self":[{"href":"https:\/\/www.europesays.com\/fr\/wp-json\/wp\/v2\/posts\/148322","targetHints":{"allow":["GET"]}}],"collection":[{"href":"https:\/\/www.europesays.com\/fr\/wp-json\/wp\/v2\/posts"}],"about":[{"href":"https:\/\/www.europesays.com\/fr\/wp-json\/wp\/v2\/types\/post"}],"author":[{"embeddable":true,"href":"https:\/\/www.europesays.com\/fr\/wp-json\/wp\/v2\/users\/2"}],"replies":[{"embeddable":true,"href":"https:\/\/www.europesays.com\/fr\/wp-json\/wp\/v2\/comments?post=148322"}],"version-history":[{"count":0,"href":"https:\/\/www.europesays.com\/fr\/wp-json\/wp\/v2\/posts\/148322\/revisions"}],"wp:featuredmedia":[{"embeddable":true,"href":"https:\/\/www.europesays.com\/fr\/wp-json\/wp\/v2\/media\/148323"}],"wp:attachment":[{"href":"https:\/\/www.europesays.com\/fr\/wp-json\/wp\/v2\/media?parent=148322"}],"wp:term":[{"taxonomy":"category","embeddable":true,"href":"https:\/\/www.europesays.com\/fr\/wp-json\/wp\/v2\/categories?post=148322"},{"taxonomy":"post_tag","embeddable":true,"href":"https:\/\/www.europesays.com\/fr\/wp-json\/wp\/v2\/tags?post=148322"}],"curies":[{"name":"wp","href":"https:\/\/api.w.org\/{rel}","templated":true}]}}