{"id":148332,"date":"2025-06-03T07:18:10","date_gmt":"2025-06-03T07:18:10","guid":{"rendered":"https:\/\/www.europesays.com\/fr\/148332\/"},"modified":"2025-06-03T07:18:10","modified_gmt":"2025-06-03T07:18:10","slug":"conflit-israelo-palestinien-lallemagne-a-livre-un-demi-million-deuros-darmes-a-israel-depuis-lattaque-du-hamas","status":"publish","type":"post","link":"https:\/\/www.europesays.com\/fr\/148332\/","title":{"rendered":"Conflit isra\u00e9lo-palestinien &#8211; L&rsquo;Allemagne a livr\u00e9 un demi-million d&rsquo;euros d&rsquo;armes \u00e0 Isra\u00ebl depuis l&rsquo;attaque du Hamas"},"content":{"rendered":"<p class=\"ap-StoryElement ap-StoryElement--mb ap-StoryText\">Fin mai, le chancelier allemand Friedrich Merz a mis en garde le gouvernement Netanyahu de ne plus pouvoir continuer \u00e0 le soutenir en raison de l&rsquo;intensification de l&rsquo;offensive de l&rsquo;arm\u00e9e isra\u00e9lienne \u00e0 Gaza.<\/p>\n<p class=\"ap-StoryElement ap-StoryElement--mb ap-StoryText\">Les exportations allemandes d&rsquo;armes vers Isra\u00ebl sont sous le feu des critiques depuis des mois. Le Nicaragua a notamment d\u00e9pos\u00e9 une requ\u00eate aupr\u00e8s de la Cour internationale de Justice (CIJ) accusant l&rsquo;Allemagne de faciliter le \u00ab\u00a0g\u00e9nocide\u00a0\u00bb \u00e0 Gaza, en fournissant un appui politique, financier mais aussi militaire \u00e0 Isra\u00ebl. Le pays d&rsquo;Am\u00e9rique centrale fustige aussi l&rsquo;arr\u00eat du financement allemand de l&rsquo;agence onusienne pour les r\u00e9fugi\u00e9s palestiniens (Unrwa).<\/p>\n<p class=\"ap-StoryElement ap-StoryElement--mb ap-StoryText\">Fin avril, la CIJ a rendu une ordonnance dans laquelle elle rejette les demandes conservatoires du Nicaragua, qui exigeait l&rsquo;arr\u00eat imm\u00e9diat de toute livraison d&rsquo;armes \u00e0 Isra\u00ebl. Elle n&rsquo;a cependant pas rejet\u00e9 la requ\u00eate dans son int\u00e9gralit\u00e9, comme le demandait l&rsquo;Allemagne.<\/p>\n","protected":false},"excerpt":{"rendered":"Fin mai, le chancelier allemand Friedrich Merz a mis en garde le gouvernement Netanyahu de ne plus pouvoir&hellip;\n","protected":false},"author":2,"featured_media":25030,"comment_status":"","ping_status":"","sticky":false,"template":"","format":"standard","meta":{"footnotes":""},"categories":[1587],"tags":[11,672,1804,215,2120,27755,1805,554,1803,1777,674,1801,1146,664,12,3518,1802],"class_list":{"0":"post-148332","1":"post","2":"type-post","3":"status-publish","4":"format-standard","5":"has-post-thumbnail","7":"category-allemagne","8":"tag-actualites","9":"tag-allemagne","10":"tag-bundesrepublik-deutschland","11":"tag-commerce","12":"tag-conflit","13":"tag-ddh","14":"tag-de","15":"tag-defense","16":"tag-deutschland","17":"tag-eu","18":"tag-europe","19":"tag-germany","20":"tag-guerre","21":"tag-israel","22":"tag-news","23":"tag-palestine","24":"tag-republique-federale-dallemagne"},"share_on_mastodon":{"url":"https:\/\/pubeurope.com\/@fr\/114618217612444604","error":""},"_links":{"self":[{"href":"https:\/\/www.europesays.com\/fr\/wp-json\/wp\/v2\/posts\/148332","targetHints":{"allow":["GET"]}}],"collection":[{"href":"https:\/\/www.europesays.com\/fr\/wp-json\/wp\/v2\/posts"}],"about":[{"href":"https:\/\/www.europesays.com\/fr\/wp-json\/wp\/v2\/types\/post"}],"author":[{"embeddable":true,"href":"https:\/\/www.europesays.com\/fr\/wp-json\/wp\/v2\/users\/2"}],"replies":[{"embeddable":true,"href":"https:\/\/www.europesays.com\/fr\/wp-json\/wp\/v2\/comments?post=148332"}],"version-history":[{"count":0,"href":"https:\/\/www.europesays.com\/fr\/wp-json\/wp\/v2\/posts\/148332\/revisions"}],"wp:featuredmedia":[{"embeddable":true,"href":"https:\/\/www.europesays.com\/fr\/wp-json\/wp\/v2\/media\/25030"}],"wp:attachment":[{"href":"https:\/\/www.europesays.com\/fr\/wp-json\/wp\/v2\/media?parent=148332"}],"wp:term":[{"taxonomy":"category","embeddable":true,"href":"https:\/\/www.europesays.com\/fr\/wp-json\/wp\/v2\/categories?post=148332"},{"taxonomy":"post_tag","embeddable":true,"href":"https:\/\/www.europesays.com\/fr\/wp-json\/wp\/v2\/tags?post=148332"}],"curies":[{"name":"wp","href":"https:\/\/api.w.org\/{rel}","templated":true}]}}