{"id":148344,"date":"2025-06-03T07:25:12","date_gmt":"2025-06-03T07:25:12","guid":{"rendered":"https:\/\/www.europesays.com\/fr\/148344\/"},"modified":"2025-06-03T07:25:12","modified_gmt":"2025-06-03T07:25:12","slug":"le-joli-parcours-des-tourangeaux-en-coupe-de-france-jeunes","status":"publish","type":"post","link":"https:\/\/www.europesays.com\/fr\/148344\/","title":{"rendered":"le joli parcours des Tourangeaux en Coupe de France jeunes"},"content":{"rendered":"<p>Les clubs du d\u00e9partement \u00e9taient bien repr\u00e9sent\u00e9s en coupe de France M21 de volley-ball, avec d\u2019une part les jeunes filles de l\u2019Union VB Touraine, qui se pr\u00eataient \u00e0 l\u2019exercice pour la toute premi\u00e8re fois \u00e0 Valenciennes, et d\u2019autre part les gar\u00e7ons du Tours VB, \u00e0 Toulouse, bien d\u00e9cid\u00e9s \u00e0 aller chercher un nouveau titre pour signer un tripl\u00e9 MSL\u00a0&#8211; \u00c9lite Avenir\u00a0&#8211; M21 m\u00e9morable.<\/p>\n<p>Les joueuses du consortium Chambray\u00a0&#8211; Saint-Cyr sont difficilement entr\u00e9es dans la comp\u00e9tition. D\u00e9faites par Paris Saint-Cloud puis Rennes, les Tourangelles n\u2019ont pas eu l\u2019occasion de prolonger en quart de finale. Condamn\u00e9es \u00e0 jouer les places 9 \u00e0 12, les Lig\u00e9riennes ont emport\u00e9 deux de leurs trois rencontres pour terminer 11e\u00a0de ces phases finales, \u00e0 \u00e9galit\u00e9 de point avec les 9e (Tremblay Athl\u00e9tique) et 10e (Bordeaux).<\/p>\n<p><img alt=\"L\u2019UVB Touraine participait \u00e0 la Coupe de France M21 pour la premi\u00e8re fois.\" loading=\"lazy\" width=\"980\" height=\"573\" decoding=\"async\" data-nimg=\"1\" class=\"img-responsive spinner-show\" style=\"color:transparent;background-size:cover;background-position:50% 50%;background-repeat:no-repeat;background-image:url(&quot;data:image\/svg+xml;charset=utf-8,%3Csvg xmlns=\" http:=\"\" viewbox=\"0 0 980 573\" id=\"b\" color-interpolation-filters=\"sRGB\" stddeviation=\"20\" values=\"1 0 0 0 0 0 1 0 0 0 0 0 1 0 0 0 0 0 100 -1\" result=\"s\" x=\"0\" y=\"0\" operator=\"out\" in=\"s\" in2=\"SourceGraphic\" preserveaspectratio=\"none\" href=\"https:\/\/images.lanouvellerepublique.fr\/image\/upload\/t_88w\/f_auto\/683db408b972579a198b457c.jpg\"   src=\"https:\/\/www.europesays.com\/fr\/wp-content\/uploads\/2025\/06\/683db408b972579a198b457c.jpg\"\/><\/p>\n<p style=\"background-color:#F2F2F2;padding:5px;margin-top:0px;margin-bottom:10px\">L\u2019UVB Touraine participait \u00e0 la Coupe de France M21 pour la premi\u00e8re fois.<br \/> \u00a9 (Photo UVB Touraine)<\/p>\n<p>Le TVB pas loin du titre<\/p>\n<p>\u00c0 Toulouse, les hommes de No\u00ebl Legeay ne sont pas pass\u00e9s loin du titre\u00a0! Faganas et Scherer visaient le tripl\u00e9, et le groupe a r\u00e9alis\u00e9 un parcours sans faute, jusqu\u2019\u00e0 la finale, lors de laquelle les Parisiens du Puc ont fait la diff\u00e9rence. Les Tourangeaux se sont inclin\u00e9s de peu (24-26, 23-25) et terminent dauphin de la comp\u00e9tition.<\/p>\n<p>Avec une superbe deuxi\u00e8me place pour les gar\u00e7ons et une premi\u00e8re participation encourageante chez les filles, les deux groupes peuvent \u00eatre fiers de leurs performances, qui laissent entrevoir un bel avenir pour leur club respectif.<\/p>\n<p><strong>F\u00e9minines\u00a0:<\/strong> 1. Cannes, 2. Paris Saint-Cloud, 3. Neptunes de Nantes\u2026 11. UVB Touraine.<br \/><strong>Masculins\u00a0:<\/strong> 1. Paris Universit\u00e9 Club, 2. Tours VB, 3. Toulouse.<\/p>\n","protected":false},"excerpt":{"rendered":"Les clubs du d\u00e9partement \u00e9taient bien repr\u00e9sent\u00e9s en coupe de France M21 de volley-ball, avec d\u2019une part les&hellip;\n","protected":false},"author":2,"featured_media":148345,"comment_status":"","ping_status":"","sticky":false,"template":"","format":"standard","meta":{"footnotes":""},"categories":[1417],"tags":[14662,1011,27,1387,9915,22962,60,1390,1470,1469],"class_list":{"0":"post-148344","1":"post","2":"type-post","3":"status-publish","4":"format-standard","5":"has-post-thumbnail","7":"category-volley","8":"tag-chambray-les-tours","9":"tag-fr","10":"tag-france","11":"tag-indre-et-loire","12":"tag-nationaux-volley","13":"tag-saint-cyr-sur-loire","14":"tag-sports","15":"tag-tours","16":"tag-volley","17":"tag-volleyball"},"share_on_mastodon":{"url":"https:\/\/pubeurope.com\/@fr\/114618245081031620","error":""},"_links":{"self":[{"href":"https:\/\/www.europesays.com\/fr\/wp-json\/wp\/v2\/posts\/148344","targetHints":{"allow":["GET"]}}],"collection":[{"href":"https:\/\/www.europesays.com\/fr\/wp-json\/wp\/v2\/posts"}],"about":[{"href":"https:\/\/www.europesays.com\/fr\/wp-json\/wp\/v2\/types\/post"}],"author":[{"embeddable":true,"href":"https:\/\/www.europesays.com\/fr\/wp-json\/wp\/v2\/users\/2"}],"replies":[{"embeddable":true,"href":"https:\/\/www.europesays.com\/fr\/wp-json\/wp\/v2\/comments?post=148344"}],"version-history":[{"count":0,"href":"https:\/\/www.europesays.com\/fr\/wp-json\/wp\/v2\/posts\/148344\/revisions"}],"wp:featuredmedia":[{"embeddable":true,"href":"https:\/\/www.europesays.com\/fr\/wp-json\/wp\/v2\/media\/148345"}],"wp:attachment":[{"href":"https:\/\/www.europesays.com\/fr\/wp-json\/wp\/v2\/media?parent=148344"}],"wp:term":[{"taxonomy":"category","embeddable":true,"href":"https:\/\/www.europesays.com\/fr\/wp-json\/wp\/v2\/categories?post=148344"},{"taxonomy":"post_tag","embeddable":true,"href":"https:\/\/www.europesays.com\/fr\/wp-json\/wp\/v2\/tags?post=148344"}],"curies":[{"name":"wp","href":"https:\/\/api.w.org\/{rel}","templated":true}]}}