{"id":148360,"date":"2025-06-03T07:35:09","date_gmt":"2025-06-03T07:35:09","guid":{"rendered":"https:\/\/www.europesays.com\/fr\/148360\/"},"modified":"2025-06-03T07:35:09","modified_gmt":"2025-06-03T07:35:09","slug":"lectures-de-vacances-3-best-sellers-a-glisser-dans-votre-valise-des-maintenant","status":"publish","type":"post","link":"https:\/\/www.europesays.com\/fr\/148360\/","title":{"rendered":"Lectures de vacances : 3 best-sellers \u00e0 glisser dans votre valise d\u00e8s maintenant"},"content":{"rendered":"<p class=\"paragraph text_align_left\">Si vous aimez profiter de vos vacances pour vous d\u00e9tendre avec un livre et une bonne enqu\u00eate criminelle, c\u2019est le moment de faire le plein en pr\u00e9vision de l\u2019\u00e9t\u00e9 en profitant des best-sellers disponibles sur Amazon : vous y trouverez tout ce qu\u2019il faut pour vous \u00e9vader en sirotant un th\u00e9 glac\u00e9.<\/p>\n<p class=\"paragraph text_align_left\"><b>Bon plan : <\/b><a href=\"https:\/\/www.amazon.fr\/nouveau-publicit%C3%A9-Amazon-adaptateur-Powerfast\/dp\/B0DLBCL454?th=1&amp;linkCode=ll1&amp;tag=lepar-mai2025-21&amp;linkId=8d85c093885e866770ca8053bfc430a3&amp;language=fr_FR&amp;ref_=as_li_ss_tl\" rel=\"sponsored noopener\" target=\"_blank\"><b>la liseuse Kindle est en promotion chez Amazon<\/b><\/a><\/p>\n<p>Ces 3 best-sellers font sensation sur AmazonLe roman Les heures fragiles de Virginie Grimaldi est \u00e0 moins de 21 euros sur Amazon<\/p>\n<p class=\"paragraph text_align_left\">Si vous aimez les tranches de vie et les drames humains, <a href=\"https:\/\/www.amazon.fr\/heures-fragiles-Virginie-Grimaldi\/dp\/208046888X?&amp;linkCode=ll1&amp;tag=lepar-juin2025-21&amp;linkId=7701b8c9d5d718d4b75c0d416bcba633&amp;language=fr_FR&amp;ref_=as_li_ss_tl\" target=\"_blank\" rel=\"sponsored noopener\">Les heures fragiles, de Virginie Grimaldi<\/a>, est parfait pour vous. Disponible \u00e0 20,90 euros sur Amazon, ce roman suit une m\u00e8re et sa fille faisant face aux chagrins de la vie : l\u2019une dois faire face au d\u00e9part de son mari, l\u2019autre \u00e0 son adolescence et \u00e0 son premier chagrin d\u2019amour. Ensemble, elles devront se retrouver pour repartir du bon pied.<\/p>\n<p class=\"paragraph text_align_left\"><b>Cliquez ici pour <\/b><a href=\"https:\/\/www.amazon.fr\/heures-fragiles-Virginie-Grimaldi\/dp\/208046888X?&amp;linkCode=ll1&amp;tag=lepar-juin2025-21&amp;linkId=7701b8c9d5d718d4b75c0d416bcba633&amp;language=fr_FR&amp;ref_=as_li_ss_tl\" target=\"_blank\" rel=\"sponsored noopener\"><b>profiter de l\u2019offre Amazon sur <\/b><b>Les heures fragiles<\/b><b> de Virginie Grimaldi<\/b><\/a><\/p>\n<p>Le roman La prof de Freida McFadden est \u00e0 22 euros sur Amazon<\/p>\n<p class=\"paragraph text_align_left\">Si rien ne vous d\u00e9tend plus qu\u2019une bonne enqu\u00eate criminelle, <a href=\"https:\/\/www.amazon.fr\/prof-Freida-McFadden\/dp\/2824629096?&amp;linkCode=ll1&amp;tag=lepar-juin2025-21&amp;linkId=22723a6c9d47371e83c5ca977ac09f96&amp;language=fr_FR&amp;ref_=as_li_ss_tl\" target=\"_blank\" rel=\"sponsored noopener\">La prof, de Freida McFadden, vous attend \u00e0 22 euros<\/a> sur Amazon. Sur 384 pages, La prof suit Eve et Nate, professeurs au lyc\u00e9e, et Addie, une jeune \u00e9l\u00e8ve responsable du licenciement d\u2019un professeur l\u2019ann\u00e9e pr\u00e9c\u00e9dente. Lorsque Addie se retrouve dans la classe d\u2019Eve et de Nate, les secrets vont voler en \u00e9clat, apportant leur lot de r\u00e9v\u00e9lations et de cons\u00e9quences.<\/p>\n<p class=\"paragraph text_align_left\"><b>Cliquez ici pour <\/b><a href=\"https:\/\/www.amazon.fr\/prof-Freida-McFadden\/dp\/2824629096?&amp;linkCode=ll1&amp;tag=lepar-juin2025-21&amp;linkId=22723a6c9d47371e83c5ca977ac09f96&amp;language=fr_FR&amp;ref_=as_li_ss_tl\" target=\"_blank\" rel=\"sponsored noopener\"><b>profiter de l\u2019offre Amazon sur <\/b><b>La prof<\/b><b> de Freida McFadden<\/b><\/a><\/p>\n<p>Le roman La femme de m\u00e9nage voit tout de Freida McFadden est \u00e0 22 euros sur Amazon<\/p>\n<p class=\"paragraph text_align_left\">Enfin, votre \u00e9t\u00e9 ne sera pas complet sans le best-seller <a href=\"https:\/\/www.amazon.fr\/femme-m%C3%A9nage-voit-tout\/dp\/2824627573?&amp;linkCode=ll1&amp;tag=lepar-juin2025-21&amp;linkId=23f5eca01d8919ff1afe4cfe4d97f3c2&amp;language=fr_FR&amp;ref_=as_li_ss_tl\" target=\"_blank\" rel=\"sponsored noopener\">La femme de m\u00e9nage voit tout<\/a>, de Freida McFadden. Propos\u00e9 \u00e0 22 euros sur Amazon, ce livre suit Millie dans sa nouvelle maison. Mais rapidement, des bruits \u00e9tranges surviennent la nuit, ses voisins sont \u00e9tranges, surtout la femme de m\u00e9nage\u2026 Quels secrets se cachent dans son nouveau quartier ?<\/p>\n<p class=\"paragraph text_align_left\"><b>Cliquez ici pour <\/b><a href=\"https:\/\/www.amazon.fr\/femme-m%C3%A9nage-voit-tout\/dp\/2824627573?&amp;linkCode=ll1&amp;tag=lepar-juin2025-21&amp;linkId=23f5eca01d8919ff1afe4cfe4d97f3c2&amp;language=fr_FR&amp;ref_=as_li_ss_tl\" target=\"_blank\" rel=\"sponsored noopener\"><b>profiter de l\u2019offre Amazon sur <\/b><b>La femme de m\u00e9nage voit tout<\/b><b> de Freida McFadden<\/b><\/a><\/p>\n<p class=\"paragraph text_align_left\"><b>Les 5 livres les plus vendus sur Amazon :<\/b><\/p>\n","protected":false},"excerpt":{"rendered":"Si vous aimez profiter de vos vacances pour vous d\u00e9tendre avec un livre et une bonne enqu\u00eate criminelle,&hellip;\n","protected":false},"author":2,"featured_media":148361,"comment_status":"","ping_status":"","sticky":false,"template":"","format":"standard","meta":{"footnotes":""},"categories":[1357],"tags":[4239,27757,1379,58,59,1011,27,749,1380,7616],"class_list":{"0":"post-148360","1":"post","2":"type-post","3":"status-publish","4":"format-standard","5":"has-post-thumbnail","7":"category-livres","8":"tag-amazon","9":"tag-best-sellers","10":"tag-books","11":"tag-divertissement","12":"tag-entertainment","13":"tag-fr","14":"tag-france","15":"tag-guide-shopping","16":"tag-livres","17":"tag-loisirs-voyages"},"share_on_mastodon":{"url":"https:\/\/pubeurope.com\/@fr\/114618284401819085","error":""},"_links":{"self":[{"href":"https:\/\/www.europesays.com\/fr\/wp-json\/wp\/v2\/posts\/148360","targetHints":{"allow":["GET"]}}],"collection":[{"href":"https:\/\/www.europesays.com\/fr\/wp-json\/wp\/v2\/posts"}],"about":[{"href":"https:\/\/www.europesays.com\/fr\/wp-json\/wp\/v2\/types\/post"}],"author":[{"embeddable":true,"href":"https:\/\/www.europesays.com\/fr\/wp-json\/wp\/v2\/users\/2"}],"replies":[{"embeddable":true,"href":"https:\/\/www.europesays.com\/fr\/wp-json\/wp\/v2\/comments?post=148360"}],"version-history":[{"count":0,"href":"https:\/\/www.europesays.com\/fr\/wp-json\/wp\/v2\/posts\/148360\/revisions"}],"wp:featuredmedia":[{"embeddable":true,"href":"https:\/\/www.europesays.com\/fr\/wp-json\/wp\/v2\/media\/148361"}],"wp:attachment":[{"href":"https:\/\/www.europesays.com\/fr\/wp-json\/wp\/v2\/media?parent=148360"}],"wp:term":[{"taxonomy":"category","embeddable":true,"href":"https:\/\/www.europesays.com\/fr\/wp-json\/wp\/v2\/categories?post=148360"},{"taxonomy":"post_tag","embeddable":true,"href":"https:\/\/www.europesays.com\/fr\/wp-json\/wp\/v2\/tags?post=148360"}],"curies":[{"name":"wp","href":"https:\/\/api.w.org\/{rel}","templated":true}]}}