{"id":148371,"date":"2025-06-03T07:41:09","date_gmt":"2025-06-03T07:41:09","guid":{"rendered":"https:\/\/www.europesays.com\/fr\/148371\/"},"modified":"2025-06-03T07:41:09","modified_gmt":"2025-06-03T07:41:09","slug":"jordan-bardella-passion-menage-plusieurs-de-ses-proches-font-des-revelations-sur-son-appartement-et-trouble-obsessionnel","status":"publish","type":"post","link":"https:\/\/www.europesays.com\/fr\/148371\/","title":{"rendered":"Jordan Bardella, passion m\u00e9nage : plusieurs de ses proches font des r\u00e9v\u00e9lations sur son appartement et trouble obsessionnel"},"content":{"rendered":"<p>      R\u00e9sum\u00e9<\/p>\n<p>Marine Le Pen d\u00e9crit Jordan Bardella comme maniaque, soulignant son obsession pour l&rsquo;ordre et son exigence dans les t\u00e2ches m\u00e9nag\u00e8res qu&rsquo;il effectue lui-m\u00eame.<\/p>\n<p>        Sommaire<\/p>\n<p>Exit L&rsquo;amour est dans le pr\u00e9, <a href=\"https:\/\/www.instagram.com\/karine.le.marchand\/?hl=fr\" target=\"_blank\" rel=\"noreferrer noopener\">Karine Le\u00a0Marchand<\/a> a choisi de se lancer dans une nouvelle aventure. Ce dimanche 1er juin 2025, l&rsquo;animatrice vedette faisait donc son grand retour sur M6 avec <strong>Une ambition intime<\/strong>, un tout nouveau programme consacr\u00e9 aux confidences de figures politiques. Parmi ses invit\u00e9s, <strong><a href=\"https:\/\/www.public.fr\/tag\/jordan-bardella\" target=\"_blank\" rel=\"noopener\">Jordan Bardella<\/a>. <\/strong><\/p>\n<p>Face aux cam\u00e9ras de la cha\u00eene, le pr\u00e9sident du Rassemblement National s&rsquo;est livr\u00e9 sans d\u00e9tour sur de nombreux sujets personnels, dont <a href=\"https:\/\/www.public.fr\/jordan-bardella-sexprime-pour-la-premiere-fois-sur-son-orientation-sexuelle-et-revele-meme-etre-en-couple\" target=\"_blank\" rel=\"noopener\">son orientation sexuelle<\/a>.<\/p>\n<p>Jordan Bardella : \u00ab\u00a0Je suis h\u00e9t\u00e9rosexuel\u00a0\u00bb<\/p>\n<p>De nombreux Fran\u00e7ais sont convaincus que le bras droit de Marine Le Pen est attir\u00e9 par les hommes. Pourtant, il n&rsquo;en est rien. \u00ab\u00a0<strong>Je suis h\u00e9t\u00e9rosexuel<\/strong>, donc je peux dire le contraire pour vous faire plaisir, mais bon\u00a0\u00bb, a-t-il assur\u00e9. Selon lui,\u00a0il n&rsquo;y a d&rsquo;ailleurs \u00ab\u00a0pas l\u2019ombre d\u2019un doute\u00a0\u00bb sur sa sexualit\u00e9.<\/p>\n<p>Tr\u00e8s discret, Jordan Bardella tient \u00e0 pr\u00e9server sa vie priv\u00e9e. Pour autant, il ne cache pas \u00eatre tr\u00e8s attir\u00e9 par les femmes au caract\u00e8re affirm\u00e9. Il se dit m\u00eame particuli\u00e8rement sensible \u00e0 \u00ab\u00a0l&rsquo;intelligence\u00a0\u00bb et au \u00ab\u00a0charisme\u00a0\u00bb.<\/p>\n<p>Au-del\u00e0 de sa vision de la femme id\u00e9ale, un autre pan de la personnalit\u00e9 de l&rsquo;homme politique a \u00e9t\u00e9 mis en lumi\u00e8re. <\/p>\n<p>Dans une s\u00e9quence vid\u00e9o, Marine Le\u00a0Pen s&rsquo;est en effet livr\u00e9e sur <strong>le caract\u00e8re particuli\u00e8rement \u00ab\u00a0maniaque\u00a0\u00bb<\/strong> de son prot\u00e9g\u00e9.<\/p>\n<p>\u00ab\u00a0Il est vraiment maniaque\u00a0\u00bb, a-t-elle ainsi lanc\u00e9 avant d&rsquo;assurer que la propret\u00e9 est telle que \u00ab\u00a0<strong>chez lui, vous pouvez manger par terre<\/strong>\u00ab\u00a0. <\/p>\n<p>Une passion pour le m\u00e9nage<\/p>\n<p>Jordan Bardella ne semble faire confiance \u00e0 personne pour assumer cette t\u00e2che : \u00ab\u00a0<strong>Il fait lui-m\u00eame le m\u00e9nage parce qu&rsquo;il n&rsquo;a pas confiance en quelqu&rsquo;un qui pourrait, \u00e9ventuellement, faire le m\u00e9nage moins bien que lui.<\/strong>\u00a0\u00bb Une information que l&rsquo;int\u00e9ress\u00e9 \u00e0 lui-m\u00eame confirm\u00e9e. <\/p>\n<p>Et Marine Le\u00a0Pen de conclure en s&rsquo;adressant \u00e0 son acolyte : \u00ab\u00a0Jordan, d\u00e9tends-toi un peu, ce n&rsquo;est pas hyper grave si tu as une pliure sur ton t-shirt ou si tu as une trace sur ta chaussure. Ce n&rsquo;est pas catastrophique, on va tous s&rsquo;en remettre\u00a0\u00bb. Un moment qui a suscit\u00e9 de vives r\u00e9actions. <\/p>\n<p>      Mentionn\u00e9s dans cet article<\/p>\n<p>\u00c0 lire aussi<\/p>\n<p><script async src=\"\/\/www.instagram.com\/embed.js\"><\/script><\/p>\n","protected":false},"excerpt":{"rendered":"R\u00e9sum\u00e9 Marine Le Pen d\u00e9crit Jordan Bardella comme maniaque, soulignant son obsession pour l&rsquo;ordre et son exigence dans&hellip;\n","protected":false},"author":2,"featured_media":148372,"comment_status":"","ping_status":"","sticky":false,"template":"","format":"standard","meta":{"footnotes":""},"categories":[8],"tags":[58,59,1011,27,1077,5413,430,2556],"class_list":{"0":"post-148371","1":"post","2":"type-post","3":"status-publish","4":"format-standard","5":"has-post-thumbnail","7":"category-divertissement","8":"tag-divertissement","9":"tag-entertainment","10":"tag-fr","11":"tag-france","12":"tag-jordan-bardella","13":"tag-karine-le-marchand","14":"tag-marine-le-pen","15":"tag-rassemblement-national-rn"},"share_on_mastodon":{"url":"https:\/\/pubeurope.com\/@fr\/114618307963110377","error":""},"_links":{"self":[{"href":"https:\/\/www.europesays.com\/fr\/wp-json\/wp\/v2\/posts\/148371","targetHints":{"allow":["GET"]}}],"collection":[{"href":"https:\/\/www.europesays.com\/fr\/wp-json\/wp\/v2\/posts"}],"about":[{"href":"https:\/\/www.europesays.com\/fr\/wp-json\/wp\/v2\/types\/post"}],"author":[{"embeddable":true,"href":"https:\/\/www.europesays.com\/fr\/wp-json\/wp\/v2\/users\/2"}],"replies":[{"embeddable":true,"href":"https:\/\/www.europesays.com\/fr\/wp-json\/wp\/v2\/comments?post=148371"}],"version-history":[{"count":0,"href":"https:\/\/www.europesays.com\/fr\/wp-json\/wp\/v2\/posts\/148371\/revisions"}],"wp:featuredmedia":[{"embeddable":true,"href":"https:\/\/www.europesays.com\/fr\/wp-json\/wp\/v2\/media\/148372"}],"wp:attachment":[{"href":"https:\/\/www.europesays.com\/fr\/wp-json\/wp\/v2\/media?parent=148371"}],"wp:term":[{"taxonomy":"category","embeddable":true,"href":"https:\/\/www.europesays.com\/fr\/wp-json\/wp\/v2\/categories?post=148371"},{"taxonomy":"post_tag","embeddable":true,"href":"https:\/\/www.europesays.com\/fr\/wp-json\/wp\/v2\/tags?post=148371"}],"curies":[{"name":"wp","href":"https:\/\/api.w.org\/{rel}","templated":true}]}}