{"id":148375,"date":"2025-06-03T07:43:09","date_gmt":"2025-06-03T07:43:09","guid":{"rendered":"https:\/\/www.europesays.com\/fr\/148375\/"},"modified":"2025-06-03T07:43:09","modified_gmt":"2025-06-03T07:43:09","slug":"les-pistes-de-redressement-des-comptes-discutees-mardi-a-bercy","status":"publish","type":"post","link":"https:\/\/www.europesays.com\/fr\/148375\/","title":{"rendered":"les pistes de redressement des comptes discut\u00e9es mardi \u00e0 Bercy"},"content":{"rendered":"<p>Compos\u00e9e de parlementaires, partenaires sociaux et ministres, la Commission des comptes de la S\u00e9curit\u00e9 sociale se tient le 3 juin au minist\u00e8re de l\u2019\u00c9conomie et des Finances, afin de r\u00e9fl\u00e9chir aux leviers d\u2019un retour \u00e0 l\u2019\u00e9quilibre financier des comptes de la S\u00e9curit\u00e9 sociale.<\/p>\n<p class=\"fig-paragraph\">Une commission qui \u00abprend cette ann\u00e9e une ampleur in\u00e9dite\u00bb. C\u2019est ainsi qu\u2019un communiqu\u00e9 de l\u2019ex\u00e9cutif d\u00e9crit la r\u00e9union de la<a href=\"http:\/\/www.lefigaro.fr\/conjoncture\/securite-sociale-les-pistes-d-economie-explosives-de-la-cour-des-comptes-pour-reduire-le-deficit-20250526\" data-fig-type=\"Article\" data-gtm-custom-categorie=\"navigation\" data-gtm-custom-action=\"crossclick\" data-gtm-custom-label=\"Contextuel\" data-gtm-event=\"customEventSPE\" data-fig-domain=\"LEFIGARO\" rel=\"nofollow noopener\" target=\"_blank\">\u00a0commission des comptes de la S\u00e9curit\u00e9 sociale (CCSS)<\/a>, qui a pour ambition de \u00abr\u00e9fl\u00e9chir collectivement aux leviers de redressement\u00bb. Compos\u00e9e de parlementaires, partenaires sociaux et ministres, la CCSS se r\u00e9unit le mardi 3 juin pour r\u00e9fl\u00e9chir \u00abaux leviers\u00bb d&rsquo;un retour \u00e0 l&rsquo;\u00e9quilibre financier avant 2029, objectif du gouvernement malgr\u00e9 un d\u00e9ficit chronique.<\/p>\n<p class=\"fig-paragraph\">Le gouvernement \u00e9voque encore dans le communiqu\u00e9 \u00abun moment cl\u00e9 de dialogue et de transparence\u00bb, avec \u00able lancement d&rsquo;un travail partag\u00e9 en vue du projet de loi de financement de la S\u00e9curit\u00e9 sociale pour 2026\u00bb, premi\u00e8re \u00e9tape du chantier. \u00abL&rsquo;objectif (&#8230;) c&rsquo;est que nous revenions \u00e0 l&rsquo;\u00e9quilibre avant 2029\u00bb, avait d\u00e9clar\u00e9 la ministre charg\u00e9e des Comptes publics, Am\u00e9lie de Montchalin, lors des questions au gouvernement \u00e0 l&rsquo;Assembl\u00e9e nationale et au S\u00e9nat la semaine pass\u00e9e.<\/p>\n<p class=\"fig-paragraph\">Am\u00e9lie de Montchalin participera \u00e0 la r\u00e9union de la CCSS (cr\u00e9\u00e9e en 1979) au minist\u00e8re de l&rsquo;\u00c9conomie et des Finances, \u00e0 partir de 14 heures, aux c\u00f4t\u00e9s de Catherine Vautrin, ministre du Travail, de la Sant\u00e9, des Solidarit\u00e9s et des Familles. Yannick Neuder et Charlotte Parmentier-Lecocq, ministres d\u00e9l\u00e9gu\u00e9s de cette derni\u00e8re, seront \u00e9galement pr\u00e9sents. En l&rsquo;absence de mesures, le d\u00e9ficit de la S\u00e9curit\u00e9 sociale se creuserait en 2029 \u00e0 24,8 milliards d&rsquo;euros, contre 21,9 milliards pr\u00e9vus en 2025, selon le rapport de la CCSS dont l&rsquo;AFP a eu connaissance. Devant les s\u00e9nateurs, Fran\u00e7ois Bayrou a estim\u00e9 la semaine derni\u00e8re qu&rsquo;il faudrait \u00abreprendre totalement la question du financement de notre mod\u00e8le social\u00bb.<\/p>\n<p class=\"fig-paragraph\">Le premier ministre n&rsquo;\u00e9carte aucune piste, y compris la \u00abTVA sociale\u00bb d\u00e9nonc\u00e9e par la gauche et le RN. Mais \u00abaucune des mesures\u00bb qui composeront le futur plan de retour \u00e0 l&rsquo;\u00e9quilibre des comptes publics \u00abn&rsquo;est arr\u00eat\u00e9e\u00bb pour l&rsquo;instant selon lui. Fran\u00e7ois Bayrou n&rsquo;a pas exclu que dans le prolongement des n\u00e9gociations en cours sur la r\u00e9forme des retraites, les partenaires sociaux s&#8217;emparent de la question du financement de la protection sociale. Le premier ministre a promis de pr\u00e9senter au d\u00e9but du mois de juillet \u00abun plan de retour \u00e0 l&rsquo;\u00e9quilibre des finances publiques sur trois ou quatre ann\u00e9es\u00bb.<\/p>\n","protected":false},"excerpt":{"rendered":"Compos\u00e9e de parlementaires, partenaires sociaux et ministres, la Commission des comptes de la S\u00e9curit\u00e9 sociale se tient le&hellip;\n","protected":false},"author":2,"featured_media":148376,"comment_status":"","ping_status":"","sticky":false,"template":"","format":"standard","meta":{"footnotes":""},"categories":[6],"tags":[339,13850,14846,340,35,343,345,350,130,344,352,349,33,34,341,313,1011,27,346,342,353,351,347,348,731,354],"class_list":{"0":"post-148375","1":"post","2":"type-post","3":"status-publish","4":"format-standard","5":"has-post-thumbnail","7":"category-economie","8":"tag-actualite-economique","9":"tag-amelie-de-montchalin","10":"tag-bercy","11":"tag-bourse","12":"tag-business","13":"tag-cac-40","14":"tag-chef-dentreprise","15":"tag-concurrence","16":"tag-consommation","17":"tag-creation-dentreprise","18":"tag-crise","19":"tag-delocalisations","20":"tag-economie","21":"tag-economy","22":"tag-emploi","23":"tag-entreprises","24":"tag-fr","25":"tag-france","26":"tag-grands-patrons","27":"tag-impots","28":"tag-licenciements","29":"tag-monopole","30":"tag-multinationales","31":"tag-privatisation","32":"tag-securite-sociale","33":"tag-unio"},"share_on_mastodon":{"url":"https:\/\/pubeurope.com\/@fr\/114618315834081185","error":""},"_links":{"self":[{"href":"https:\/\/www.europesays.com\/fr\/wp-json\/wp\/v2\/posts\/148375","targetHints":{"allow":["GET"]}}],"collection":[{"href":"https:\/\/www.europesays.com\/fr\/wp-json\/wp\/v2\/posts"}],"about":[{"href":"https:\/\/www.europesays.com\/fr\/wp-json\/wp\/v2\/types\/post"}],"author":[{"embeddable":true,"href":"https:\/\/www.europesays.com\/fr\/wp-json\/wp\/v2\/users\/2"}],"replies":[{"embeddable":true,"href":"https:\/\/www.europesays.com\/fr\/wp-json\/wp\/v2\/comments?post=148375"}],"version-history":[{"count":0,"href":"https:\/\/www.europesays.com\/fr\/wp-json\/wp\/v2\/posts\/148375\/revisions"}],"wp:featuredmedia":[{"embeddable":true,"href":"https:\/\/www.europesays.com\/fr\/wp-json\/wp\/v2\/media\/148376"}],"wp:attachment":[{"href":"https:\/\/www.europesays.com\/fr\/wp-json\/wp\/v2\/media?parent=148375"}],"wp:term":[{"taxonomy":"category","embeddable":true,"href":"https:\/\/www.europesays.com\/fr\/wp-json\/wp\/v2\/categories?post=148375"},{"taxonomy":"post_tag","embeddable":true,"href":"https:\/\/www.europesays.com\/fr\/wp-json\/wp\/v2\/tags?post=148375"}],"curies":[{"name":"wp","href":"https:\/\/api.w.org\/{rel}","templated":true}]}}