{"id":148383,"date":"2025-06-03T07:48:21","date_gmt":"2025-06-03T07:48:21","guid":{"rendered":"https:\/\/www.europesays.com\/fr\/148383\/"},"modified":"2025-06-03T07:48:21","modified_gmt":"2025-06-03T07:48:21","slug":"toul-la-cathedrale-saint-etienne-sacree-monument-prefere-de-meurthe-et-moselle","status":"publish","type":"post","link":"https:\/\/www.europesays.com\/fr\/148383\/","title":{"rendered":"Toul. La cath\u00e9drale Saint-\u00c9tienne sacr\u00e9e monument pr\u00e9f\u00e9r\u00e9 de Meurthe-et-Moselle"},"content":{"rendered":"<p>Avec 1\u00a0978 voix recueillies, <a href=\"https:\/\/www.estrepublicain.fr\/culture-loisirs\/2025\/05\/19\/la-cathedrale-figure-dans-un-carnet-de-timbres-collector\" target=\"_blank\" rel=\"noopener\">la cath\u00e9drale Saint-\u00c9tienne<\/a> s\u2019est hiss\u00e9e en t\u00eate des votes en Meurthe-et-Moselle dans le cadre du concours lanc\u00e9 par la Fondation du patrimoine pour d\u00e9signer les monuments pr\u00e9f\u00e9r\u00e9s des Lorrains.<\/p>\n<p>  Un h\u00e9ritage qui vaut de l\u2019or<\/p>\n<p>\u00ab <a href=\"https:\/\/www.estrepublicain.fr\/culture-loisirs\/2025\/03\/14\/la-cathedrale-saint-etienne-est-elle-une-chance-ou-une-charge-pour-la-ville\" target=\"_blank\" rel=\"noopener\">C\u2019est \u00e0 la Ville d\u2019assumer cet h\u00e9ritage monumental<\/a> et cela m\u00e9rite d\u2019\u00eatre salu\u00e9\u00a0\u00bb, insiste Denis Schaming, admiratif du travail engag\u00e9 pour donner un avenir \u00e0 cette grande dame, \u00e9difi\u00e9e au XIIIe\u00a0si\u00e8cle. \u00ab\u00a0Ces 10\u00a0000\u00a0\u20ac sont plus que bienvenus\u00a0\u00bb, sourit le maire de Toul, <a href=\"https:\/\/www.estrepublicain.fr\/p\/alde-harmand\" target=\"_blank\" rel=\"noopener\">Alde Harmand<\/a>, ravi de voir sa prot\u00e9g\u00e9e pl\u00e9biscit\u00e9e par les internautes. \u00ab\u00a0\u00c7a nous permettra d\u2019 <a href=\"https:\/\/www.estrepublicain.fr\/culture-loisirs\/2024\/08\/18\/a-la-cathedrale-la-salle-du-tresor-beneficie-du-passage-des-spectateurs-du-son-et-lumiere\" target=\"_blank\" rel=\"noopener\">enrichir la collection de la salle du Tr\u00e9sor, ouverte au public depuis les 800 ans de la cath\u00e9drale<\/a> \u00a0\u00bb. Des c\u00e9l\u00e9brations qui ont rassembl\u00e9 quelque 300\u00a0000 visiteurs, preuve de l\u2019int\u00e9r\u00eat des Fran\u00e7ais pour ce tr\u00e9sor architectural.<\/p>\n<p>\u00ab\u00a0Outre l\u2019aspect financier, cette distinction t\u00e9moigne du rayonnement de ce monument connu et reconnu\u00a0\u00bb, se f\u00e9licite le maire. \u00ab\u00a0Elle replace la cath\u00e9drale au centre de l\u2019\u00e9chiquier patrimonial r\u00e9gional et c\u2019est une vraie satisfaction.\u00a0\u00bb Fort de son succ\u00e8s, le concours de la Fondation du patrimoine devrait \u00eatre relanc\u00e9 l\u2019an prochain afin de mettre en lumi\u00e8re et pr\u00e9server d\u2019autres \u00e9difices embl\u00e9matiques de la Lorraine.<\/p>\n","protected":false},"excerpt":{"rendered":"Avec 1\u00a0978 voix recueillies, la cath\u00e9drale Saint-\u00c9tienne s\u2019est hiss\u00e9e en t\u00eate des votes en Meurthe-et-Moselle dans le cadre&hellip;\n","protected":false},"author":2,"featured_media":148384,"comment_status":"","ping_status":"","sticky":false,"template":"","format":"standard","meta":{"footnotes":""},"categories":[9653],"tags":[1111,11,2430,1707,1704,1706,1705,1777,674,1011,27,937,12,25,4001,104,14984,27449],"class_list":{"0":"post-148383","1":"post","2":"type-post","3":"status-publish","4":"format-standard","5":"has-post-thumbnail","7":"category-saint-etienne","8":"tag-actu","9":"tag-actualites","10":"tag-auvergne-rhone-alpes","11":"tag-edition-luneville","12":"tag-edition-nancy-et-agglomeration","13":"tag-edition-pont-a-mousson","14":"tag-edition-toul","15":"tag-eu","16":"tag-europe","17":"tag-fr","18":"tag-france","19":"tag-histoire","20":"tag-news","21":"tag-republique-francaise","22":"tag-saint-etienne","23":"tag-societe","24":"tag-toul","25":"tag-toul-ville-54d"},"share_on_mastodon":{"url":"https:\/\/pubeurope.com\/@fr\/114618335422236616","error":""},"_links":{"self":[{"href":"https:\/\/www.europesays.com\/fr\/wp-json\/wp\/v2\/posts\/148383","targetHints":{"allow":["GET"]}}],"collection":[{"href":"https:\/\/www.europesays.com\/fr\/wp-json\/wp\/v2\/posts"}],"about":[{"href":"https:\/\/www.europesays.com\/fr\/wp-json\/wp\/v2\/types\/post"}],"author":[{"embeddable":true,"href":"https:\/\/www.europesays.com\/fr\/wp-json\/wp\/v2\/users\/2"}],"replies":[{"embeddable":true,"href":"https:\/\/www.europesays.com\/fr\/wp-json\/wp\/v2\/comments?post=148383"}],"version-history":[{"count":0,"href":"https:\/\/www.europesays.com\/fr\/wp-json\/wp\/v2\/posts\/148383\/revisions"}],"wp:featuredmedia":[{"embeddable":true,"href":"https:\/\/www.europesays.com\/fr\/wp-json\/wp\/v2\/media\/148384"}],"wp:attachment":[{"href":"https:\/\/www.europesays.com\/fr\/wp-json\/wp\/v2\/media?parent=148383"}],"wp:term":[{"taxonomy":"category","embeddable":true,"href":"https:\/\/www.europesays.com\/fr\/wp-json\/wp\/v2\/categories?post=148383"},{"taxonomy":"post_tag","embeddable":true,"href":"https:\/\/www.europesays.com\/fr\/wp-json\/wp\/v2\/tags?post=148383"}],"curies":[{"name":"wp","href":"https:\/\/api.w.org\/{rel}","templated":true}]}}