{"id":148395,"date":"2025-06-03T07:54:15","date_gmt":"2025-06-03T07:54:15","guid":{"rendered":"https:\/\/www.europesays.com\/fr\/148395\/"},"modified":"2025-06-03T07:54:15","modified_gmt":"2025-06-03T07:54:15","slug":"lacces-au-parking-de-la-comedie-par-la-rue-victor-hugo-sera-ferme-plusieurs-mois","status":"publish","type":"post","link":"https:\/\/www.europesays.com\/fr\/148395\/","title":{"rendered":"l&rsquo;acc\u00e8s au parking de la Com\u00e9die par la rue Victor Hugo sera ferm\u00e9 plusieurs mois"},"content":{"rendered":"<p>            Par<br \/>\n        <strong><br \/>\n            <a href=\"https:\/\/actu.fr\/auteur\/metropoop\" title=\"Consulter tous les articles de R\u00e9daction M\u00e9tropolitain\" rel=\"nofollow noopener\" target=\"_blank\">R\u00e9daction M\u00e9tropolitain<\/a><br \/>\n        <\/strong><\/p>\n<p>        Publi\u00e9 le<\/p>\n<p>            3 juin 2025 \u00e0 9h31        <\/p>\n<p>En lien avec le projet d\u2019embellissement de la <strong>place de la Com\u00e9die<\/strong> et de l\u2019Esplanade Charles de Gaulle, \u00e0 <strong>Montpellier<\/strong>, le chantier de r\u00e9alisation de la galerie cyclable et de r\u00e9habilitation du parking Com\u00e9die se poursuit.<\/p>\n<p>    <a href=\"https:\/\/www.google.com\/maps\/embed?pb=!1m18!1m12!1m3!1d2029.8291282853304!2d3.880528465304308!3d43.60844356020009!2m3!1f0!2f0!3f0!3m2!1i1024!2i768!4f13.1!3m3!1m2!1s0x12b6afa0f06c0fed%3A0x414d6fe56528352!2sRue%20Michelet%2C%2034000%20Montpellier!5e0!3m2!1sfr!2sfr!4v1748797061147!5m2!1sfr!2sfr\" title=\"Ouvrie le lien\" rel=\"nofollow noopener\" target=\"_blank\">Cliquez ici pour visualiser le contenu<\/a><\/p>\n<p class=\" wall-content\">Ainsi, de <strong>lundi 9 juin 2025 d\u00e8s 9h<\/strong> et jusqu\u2019au mois de novembre prochain, dans le cadre de l\u2019ach\u00e8vement des travaux de la galerie cyclable Com\u00e9die, le chantier entre dans sa derni\u00e8re phase, situ\u00e9e du c\u00f4t\u00e9 du boulevard Victor Hugo.<\/p>\n<p class=\" wall-content\">L\u2019\u2019acc\u00e8s et la sortie via le <strong>boulevard Victor Hugo<\/strong> seront ferm\u00e9s,\u00a0les sorties par les rues du Jeu de Ballon et Michelet seront remises en fonctionnement. Donc,<strong> attention<\/strong>, il n\u2019y a plus d\u2019acc\u00e8s depuis la Tour de Babote d\u00e8s ce lundi 9h.<\/p>\n<p>    <img   decoding=\"async\" loading=\"lazy\" src=\"https:\/\/www.europesays.com\/fr\/wp-content\/uploads\/2025\/06\/0-960x640.png\" alt=\"Pour y voir plus clair !\" width=\"960\" height=\"640\"\/><br \/>\n    Pour y voir plus clair ! (\u00a9TaM 3M)Vid\u00e9os : en ce moment sur ActuProchaines \u00e9tapes\u00a0<\/p>\n<p class=\" wall-content\">Les prochaines \u00e9tapes des travaux sont les suivantes :<\/p>\n<p class=\" wall-content\"><strong>Courant de ce mois de juin :<\/strong>\u00a0ouverture du hub des mobilit\u00e9s, offrant un acc\u00e8s direct au niveau moins 1 du parking Com\u00e9die et exclusivement d\u00e9di\u00e9 aux cycles et deux-roues motoris\u00e9s depuis l\u2019entr\u00e9e Sarrail.<\/p>\n<p class=\" wall-content\"><strong>Automne 2025\u202f<\/strong>: mise en service de la galerie cyclable Com\u00e9die avec connexion \u00e0 l\u2019anneau v\u00e9lo.<\/p>\n<p class=\" wall-content\">Suivez toute l\u2019actualit\u00e9 de vos villes et m\u00e9dias favoris en vous inscrivant \u00e0 <a href=\"https:\/\/moncompte.actu.fr\" title=\"D\u00e9couvez Mon Actu\" rel=\"nofollow noopener\" data-trk=\"{&quot;cta&quot;:{&quot;action&quot;:&quot;https:\\\/\\\/moncompte.actu.fr&quot;,&quot;category&quot;:&quot;mon compte&quot;,&quot;from&quot;:&quot;article footer&quot;,&quot;name&quot;:&quot;Mon actu&quot;,&quot;type&quot;:&quot;cta&quot;}}\" target=\"_blank\">Mon Actu<\/a>.<\/p>\n","protected":false},"excerpt":{"rendered":"Par R\u00e9daction M\u00e9tropolitain Publi\u00e9 le 3 juin 2025 \u00e0 9h31 En lien avec le projet d\u2019embellissement de la&hellip;\n","protected":false},"author":2,"featured_media":148396,"comment_status":"","ping_status":"","sticky":false,"template":"","format":"standard","meta":{"footnotes":""},"categories":[9599],"tags":[1111,11,1777,674,1011,27,2208,12,2680,25,104,2086,208],"class_list":{"0":"post-148395","1":"post","2":"type-post","3":"status-publish","4":"format-standard","5":"has-post-thumbnail","7":"category-montpellier","8":"tag-actu","9":"tag-actualites","10":"tag-eu","11":"tag-europe","12":"tag-fr","13":"tag-france","14":"tag-montpellier","15":"tag-news","16":"tag-occitanie","17":"tag-republique-francaise","18":"tag-societe","19":"tag-travaux","20":"tag-velo"},"share_on_mastodon":{"url":"https:\/\/pubeurope.com\/@fr\/114618359053073125","error":""},"_links":{"self":[{"href":"https:\/\/www.europesays.com\/fr\/wp-json\/wp\/v2\/posts\/148395","targetHints":{"allow":["GET"]}}],"collection":[{"href":"https:\/\/www.europesays.com\/fr\/wp-json\/wp\/v2\/posts"}],"about":[{"href":"https:\/\/www.europesays.com\/fr\/wp-json\/wp\/v2\/types\/post"}],"author":[{"embeddable":true,"href":"https:\/\/www.europesays.com\/fr\/wp-json\/wp\/v2\/users\/2"}],"replies":[{"embeddable":true,"href":"https:\/\/www.europesays.com\/fr\/wp-json\/wp\/v2\/comments?post=148395"}],"version-history":[{"count":0,"href":"https:\/\/www.europesays.com\/fr\/wp-json\/wp\/v2\/posts\/148395\/revisions"}],"wp:featuredmedia":[{"embeddable":true,"href":"https:\/\/www.europesays.com\/fr\/wp-json\/wp\/v2\/media\/148396"}],"wp:attachment":[{"href":"https:\/\/www.europesays.com\/fr\/wp-json\/wp\/v2\/media?parent=148395"}],"wp:term":[{"taxonomy":"category","embeddable":true,"href":"https:\/\/www.europesays.com\/fr\/wp-json\/wp\/v2\/categories?post=148395"},{"taxonomy":"post_tag","embeddable":true,"href":"https:\/\/www.europesays.com\/fr\/wp-json\/wp\/v2\/tags?post=148395"}],"curies":[{"name":"wp","href":"https:\/\/api.w.org\/{rel}","templated":true}]}}