{"id":148399,"date":"2025-06-03T07:56:09","date_gmt":"2025-06-03T07:56:09","guid":{"rendered":"https:\/\/www.europesays.com\/fr\/148399\/"},"modified":"2025-06-03T07:56:09","modified_gmt":"2025-06-03T07:56:09","slug":"a-rouen-un-radar-de-chantier-va-flasher-sur-le-pont-flaubert","status":"publish","type":"post","link":"https:\/\/www.europesays.com\/fr\/148399\/","title":{"rendered":"A Rouen, un radar de chantier va flasher sur le pont Flaubert"},"content":{"rendered":"\n<p>Son installation est pr\u00e9vue d&rsquo;ici la fin de semaine\u00a0: <strong>un radar de chantier viendra sanctionner les automobilistes ne respectant pas la limitation de vitesse en vigueur \u00e0 la sortie du pont Flaubert, en direction de la Sud 3<\/strong>. Depuis la mise en place du raccordement qui permet d\u00e9sormais d&rsquo;acc\u00e9der directement \u00e0 la N338 depuis l&rsquo;ouvrage, la vitesse est limit\u00e9e \u00e0 50 km\/h dans ce secteur, en raison d&rsquo;une circulation sur deux voies de largeur r\u00e9duite, du chantier qui se poursuit dans l&rsquo;autre sens, mais aussi de glissi\u00e8res de s\u00e9curit\u00e9 provisoires et moins r\u00e9sistantes que les installations d\u00e9finitives, et d&rsquo;une visibilit\u00e9 restreinte par la pr\u00e9sence d&rsquo;\u00e9quipements.<\/p>\n<p>De nombreux exc\u00e8s de vitesse<\/p>\n<p>Ces derni\u00e8res semaines, les diff\u00e9rents contr\u00f4les r\u00e9alis\u00e9s dans la zone ont mis en \u00e9vidence un nombre important d&rsquo;exc\u00e8s de vitesse. <strong>\u00ab\u00a0De nombreux v\u00e9hicules verbalis\u00e9s circulaient entre 80 et 90 km\/h, voire au-del\u00e0\u00a0\u00bb <\/strong>souligne la pr\u00e9fecture de la Seine-Maritime. Le rehaussement de la vitesse maximale autoris\u00e9e sur cette portion \u00e0 70 km\/h interviendra \u00ab\u00a0\u00e0 la fin des travaux d\u2019am\u00e9nagement des acc\u00e8s d\u00e9finitifs rive gauche du pont Flaubert\u00a0\u00bb\u00a0annonc\u00e9s pour le printemps 2026.<\/p>\n","protected":false},"excerpt":{"rendered":"Son installation est pr\u00e9vue d&rsquo;ici la fin de semaine\u00a0: un radar de chantier viendra sanctionner les automobilistes ne&hellip;\n","protected":false},"author":2,"featured_media":148400,"comment_status":"","ping_status":"","sticky":false,"template":"","format":"standard","meta":{"footnotes":""},"categories":[9587],"tags":[1111,11,27762,1777,674,1011,27,22461,12,5161,9617,27759,27761,27760,27758,24121,25,9590,9618],"class_list":{"0":"post-148399","1":"post","2":"type-post","3":"status-publish","4":"format-standard","5":"has-post-thumbnail","7":"category-rouen","8":"tag-actu","9":"tag-actualites","10":"tag-controles-de-vitesse","11":"tag-eu","12":"tag-europe","13":"tag-fr","14":"tag-france","15":"tag-infos-rouen","16":"tag-news","17":"tag-normandie","18":"tag-pont-flaubert","19":"tag-pont-flaubert-rouen","20":"tag-raccordement-sud-3","21":"tag-radar","22":"tag-radar-pont-flaubert","23":"tag-radar-rouen","24":"tag-republique-francaise","25":"tag-rouen","26":"tag-sud-3"},"share_on_mastodon":{"url":"https:\/\/pubeurope.com\/@fr\/114618366954453655","error":""},"_links":{"self":[{"href":"https:\/\/www.europesays.com\/fr\/wp-json\/wp\/v2\/posts\/148399","targetHints":{"allow":["GET"]}}],"collection":[{"href":"https:\/\/www.europesays.com\/fr\/wp-json\/wp\/v2\/posts"}],"about":[{"href":"https:\/\/www.europesays.com\/fr\/wp-json\/wp\/v2\/types\/post"}],"author":[{"embeddable":true,"href":"https:\/\/www.europesays.com\/fr\/wp-json\/wp\/v2\/users\/2"}],"replies":[{"embeddable":true,"href":"https:\/\/www.europesays.com\/fr\/wp-json\/wp\/v2\/comments?post=148399"}],"version-history":[{"count":0,"href":"https:\/\/www.europesays.com\/fr\/wp-json\/wp\/v2\/posts\/148399\/revisions"}],"wp:featuredmedia":[{"embeddable":true,"href":"https:\/\/www.europesays.com\/fr\/wp-json\/wp\/v2\/media\/148400"}],"wp:attachment":[{"href":"https:\/\/www.europesays.com\/fr\/wp-json\/wp\/v2\/media?parent=148399"}],"wp:term":[{"taxonomy":"category","embeddable":true,"href":"https:\/\/www.europesays.com\/fr\/wp-json\/wp\/v2\/categories?post=148399"},{"taxonomy":"post_tag","embeddable":true,"href":"https:\/\/www.europesays.com\/fr\/wp-json\/wp\/v2\/tags?post=148399"}],"curies":[{"name":"wp","href":"https:\/\/api.w.org\/{rel}","templated":true}]}}